{"id":2029,"date":"2024-04-19T12:59:30","date_gmt":"2024-04-19T17:59:30","guid":{"rendered":"http:\/\/test.boomerang.pe\/intercambio\/?p=2029"},"modified":"2024-04-23T11:18:53","modified_gmt":"2024-04-23T16:18:53","slug":"reflexiones-sobre-el-edadismo-como-cultura-del-descarte-hacia-las-personas-adultas-mayores","status":"publish","type":"post","link":"http:\/\/test.boomerang.pe\/intercambio\/2024\/04\/19\/reflexiones-sobre-el-edadismo-como-cultura-del-descarte-hacia-las-personas-adultas-mayores\/","title":{"rendered":"Reflexiones sobre el edadismo como cultura del descarte hacia las personas adultas mayores"},"content":{"rendered":"<div class=\"wp-block-image\">\n<figure class=\"aligncenter size-large\"><img loading=\"lazy\" decoding=\"async\" width=\"1024\" height=\"689\" src=\"http:\/\/test.boomerang.pe\/intercambio\/wp-content\/uploads\/2024\/04\/edadismo-1-1024x689.jpg\" alt=\"\" class=\"wp-image-1991\" srcset=\"http:\/\/test.boomerang.pe\/intercambio\/wp-content\/uploads\/2024\/04\/edadismo-1-1024x689.jpg 1024w, http:\/\/test.boomerang.pe\/intercambio\/wp-content\/uploads\/2024\/04\/edadismo-1-300x202.jpg 300w, http:\/\/test.boomerang.pe\/intercambio\/wp-content\/uploads\/2024\/04\/edadismo-1-768x517.jpg 768w, http:\/\/test.boomerang.pe\/intercambio\/wp-content\/uploads\/2024\/04\/edadismo-1-1536x1034.jpg 1536w, http:\/\/test.boomerang.pe\/intercambio\/wp-content\/uploads\/2024\/04\/edadismo-1.jpg 1800w\" sizes=\"auto, (max-width: 1024px) 100vw, 1024px\" \/><\/figure>\n<\/div>\n\n\n<p>Actualmente, en el Per\u00fa residen m\u00e1s de cuatro millones de personas adultas mayores, que representan el 12,7&nbsp;% de la poblaci\u00f3n total<a href=\"#_ftn1\">[1]<\/a>. Algo m\u00e1s, el 52&nbsp;% son mujeres que pasan el umbral de los sesenta a\u00f1os, mientras que los hombres llegan al 47,6&nbsp;%<a href=\"#_ftn2\">[2]<\/a>. Estas cifras nacionales, que indican que el pa\u00eds se encuentra en un proceso de envejecimiento moderado, est\u00e1n en relaci\u00f3n con las tendencias de crecimiento tanto de Latinoam\u00e9rica como del resto del mundo. As\u00ed, la Comisi\u00f3n Econ\u00f3mica para Am\u00e9rica Latina y el Caribe (CEPAL) proyecta que la poblaci\u00f3n adulta mayor representar\u00e1 el 22,4&nbsp;% de la poblaci\u00f3n peruana en el a\u00f1o 2050<a href=\"#_ftn3\">[3]<\/a> (CEPAL, 2002). De esta forma, se asiste hoy, m\u00e1s que nunca en el mundo, a un proceso de envejecimiento que viene cambiando la pir\u00e1mide demogr\u00e1fica.<\/p>\n\n\n\n<p>Se debe entender que el envejecimiento de la poblaci\u00f3n es un fen\u00f3meno demogr\u00e1fico importante que seguir\u00e1 increment\u00e1ndose en los pr\u00f3ximos a\u00f1os, frente a lo cual lo relevante no es solo prolongar la vida \u2014dar m\u00e1s a\u00f1os a la vida\u2014, sino dar m\u00e1s vida a los a\u00f1os, promocionando el envejecimiento saludable y activo y previniendo la enfermedad y la discapacidad con la intervenci\u00f3n comprometida de diversas profesiones y disciplinas<a href=\"#_ftn4\">[4]<\/a>.<\/p>\n\n\n\n<p>El actual envejecimiento representa un gran logro de la humanidad. El incremento de la esperanza de vida al nacer, por las mejoras sociales y sanitarias, ha permitido reducir la morbilidad y mortalidad infantil y la disminuci\u00f3n de la tasa de natalidad o \u00edndice de fecundidad. Sin embargo, este grupo poblacional, al igual que otros, se encuentra entre aquellos de mayor discriminaci\u00f3n, ocupando el sexto lugar, seg\u00fan la \u00faltima Encuesta Nacional sobre Derechos Humanos<a href=\"#_ftn5\">[5]<\/a>.<\/p>\n\n\n\n<p>Son m\u00faltiples los aspectos que generan discriminaci\u00f3n hacia las personas mayores, uno de ellos es el edadismo, que Butler concibi\u00f3 por primera vez con el t\u00e9rmino <em>ageism<\/em>, traducido como \u00abviejismo\u00bb<a href=\"#_ftn6\">[6]<\/a>. El edadismo se refiere a las creencias negativas sobre el proceso de envejecimiento, como los prejuicios y estereotipos derivados de dificultades psicol\u00f3gicas y sociales en la aceptaci\u00f3n del paso del tiempo. Para Ricardo Iacub, el viejismo es<\/p>\n\n\n\n<p>una alteraci\u00f3n en los sentimientos, creencias o comportamientos en respuesta a la edad cronol\u00f3gica percibida de un individuo o un grupo de personas, donde los atributos personales son ignorados y los individuos son etiquetados de acuerdo con estereotipos negativos basados en la afiliaci\u00f3n grupal.<a href=\"#_ftn7\">[7]<\/a><\/p>\n\n\n\n<p>Siguiendo a Mc Gowan, los prejuicios edadistas generan actitudes como la dislocaci\u00f3n social, que es el conjunto de decisiones tomadas por sobre la persona mayor o el limitado espacio de opciones que esta persona percibe que tiene; otra actitud corresponde a los estereotipos o creencias negativas basadas en caracter\u00edsticas atribuidas de manera categ\u00f3rica a todos las personas mayores, principalmente por su edad; y, finalmente, la estereotipia, que es ignorar los atributos y caracter\u00edsticas personales de las personas mayores y sus m\u00faltiples formas de envejecer<a href=\"#_ftn8\"><\/a>.<\/p>\n\n\n\n<blockquote class=\"wp-block-quote is-layout-flow wp-block-quote-is-layout-flow\">\n<p>En una sociedad como la nuestra, en la que tienen una gran importancia los valores asociados a la juventud y los valores asociados a las personas mayores se vinculan a la carencia, la persona mayor va aceptando la visi\u00f3n de incompetencia, enfermedad o asexualidad.<\/p>\n<\/blockquote>\n\n\n\n<p>Para Levy y Banaji hay una amplia aceptaci\u00f3n de sentimientos y creencias negativas prejuiciosas de las propias personas mayores, lo cual hace m\u00e1s dif\u00edcil la autoaceptaci\u00f3n y la articulaci\u00f3n como grupo que represente sus propias demandas y defienda sus intereses y valoraci\u00f3n social<a href=\"#_ftn9\">[9]<\/a>.<\/p>\n\n\n\n<p>El edadismo genera, por lo tanto, desempoderamiento; como bien se\u00f1ala Iacub, esto \u00ablleva a que la persona tenga una expectativa de dependencia, p\u00e9rdida de autoestima y de prop\u00f3sito vital. El mayor desempoderamiento ocurre cuando una persona con mayor poder (generalmente un familiar) realiza un abuso f\u00edsico, ps\u00edquico o econ\u00f3mico hacia la persona mayor.<\/p>\n\n\n\n<p>Frente a este tipo de prejuicios edadistas, es importante que, desde los diferentes espacios institucionales tanto de gobierno, sociedad civil y academia, se puedan realizar acciones afirmativas a nivel pol\u00edtico: las normas para combatir el viejismo y la mejora de servicios y programas para transformar la discriminaci\u00f3n y violencia en bienestar y calidad de vida de las personas mayores. Por otro lado, es importante y necesario atender los cambios que se producen en el curso de vida de las personas mayores que pueden generar situaciones que profundicen los edadismos:<\/p>\n\n\n\n<ul class=\"wp-block-list\">\n<li>Proceso de jubilaci\u00f3n, que implica, para la apersona adulta mayor, cambiar de roles y modificar la representaci\u00f3n de s\u00ed mismo.<\/li>\n\n\n\n<li>Cambios en la autonom\u00eda econ\u00f3mica, que conllevan a que la persona vaya percibiendo o generando, con el paso de los a\u00f1os, menos recursos, lo cual incide negativamente al incrementar la sensaci\u00f3n de vulnerabilidad personal, pues modifica estilos y proyectos de vida.<\/li>\n\n\n\n<li>Cambios f\u00edsicos asociados al avance de edad o al padecimiento de alguna enfermedad o discapacidad durante la vejez, sumados a los mitos que exageran ciertos cambios con el envejecimiento, generan temor a volverse dependiente y perder la capacidad para afrontar por s\u00ed mismo diversas situaciones vitales. La cultura de la institucionalizaci\u00f3n u hospitalizaci\u00f3n resulta ser el temor m\u00e1s frecuentes porque las personas mayores pierden \u00e1mbitos seguros, conocidos y c\u00f3modos como la casa, la red social y el control personal o autonom\u00eda. Sumado a todo ello est\u00e1 la sensaci\u00f3n cercana de la muerte.<\/li>\n\n\n\n<li>El tejido social de las personas mayores, como las relaciones familiares. Ha cambiado; el rol de cuidado tambi\u00e9n est\u00e1 siendo asumido por las personas mayores, principalmente mujeres. Las formas de comunicaci\u00f3n y convivencia establecida han cambiado; el reencuentro con la pareja, con la partida de los hijos y sin el trabajo, puede generar conflictos, cierto desconcierto, cambios de roles o una renovada pasi\u00f3n. La viudez representa uno de los mayores cambios, pues involucra lo afectivo e implica un momento de alta vulnerabilidad psicof\u00edsica. La persona que enviuda no siempre encuentra los recursos de apoyo social necesarios para enfrentar este cambio; por ello, es importante que los espacios familiares, amicales o institucionales sirvan de soporte.<\/li>\n<\/ul>\n\n\n\n<p>La cultura edadista en la que est\u00e1n inmersas las personas mayores produce s\u00edntomas, uno de ellos es el quiebre social, que es el de mayor impacto e incidencia porque la consideraci\u00f3n que tienen las personas sobre s\u00ed mismas disminuye progresivamente, pasan a identificarse con la debilidad intelectual y f\u00edsica, la improductividad, la discapacidad sexual, entre otros aspectos, limitando con ello su autonom\u00eda y autoconcepto<a href=\"#_ftn10\">[10]<\/a>. En una sociedad como la nuestra, en la que tienen una gran importancia los valores asociados a la juventud y los valores asociados a las personas mayores se vinculan a la carencia, la persona mayor va aceptando la visi\u00f3n de incompetencia, enfermedad o asexualidad, de modo que su identidad, autonom\u00eda, independencia y dignidad se ven seriamente afectadas.<\/p>\n\n\n<div class=\"wp-block-image\">\n<figure class=\"aligncenter size-large\"><img loading=\"lazy\" decoding=\"async\" width=\"1024\" height=\"682\" src=\"http:\/\/test.boomerang.pe\/intercambio\/wp-content\/uploads\/2024\/04\/edadismo-2-1024x682.jpg\" alt=\"\" class=\"wp-image-1992\" srcset=\"http:\/\/test.boomerang.pe\/intercambio\/wp-content\/uploads\/2024\/04\/edadismo-2-1024x682.jpg 1024w, http:\/\/test.boomerang.pe\/intercambio\/wp-content\/uploads\/2024\/04\/edadismo-2-300x200.jpg 300w, http:\/\/test.boomerang.pe\/intercambio\/wp-content\/uploads\/2024\/04\/edadismo-2-768x512.jpg 768w, http:\/\/test.boomerang.pe\/intercambio\/wp-content\/uploads\/2024\/04\/edadismo-2-1536x1023.jpg 1536w, http:\/\/test.boomerang.pe\/intercambio\/wp-content\/uploads\/2024\/04\/edadismo-2.jpg 1800w\" sizes=\"auto, (max-width: 1024px) 100vw, 1024px\" \/><figcaption class=\"wp-element-caption\"><span style=\"color: #800080;\">La participaci\u00f3n activa de los adultos mayores en diversas organizaciones destaca la importancia de abordar el problema del edadismo, ya que son ellos quienes han puesto este tema en la agenda social.<\/span><\/figcaption><\/figure>\n<\/div>\n\n\n<p>Frente a este panorama, donde cada vez m\u00e1s el viejismo y el edadismo ganan espacios, no solo en el mundo familiar, sino tambi\u00e9n en el p\u00fablico (propagandas de TV, radio, etc.), es un imperativo que se puedan generar espacios donde se promuevan relaciones con dignidad y respeto hacia las personas mayores para que puedan potenciar sus capacidades, contar con un proyecto de vida, fortalecer la toma de decisiones y facilitar el reconocimiento social. Para Iacub es importante promover la participaci\u00f3n de las personas mayores, lo cual permitir\u00e1 el desarrollo de tres dimensiones:<\/p>\n\n\n\n<ul class=\"wp-block-list\">\n<li>Perspectiva personal: desarrollo de capacidades y habilidades que sirven para elaborar proyectos, mayor control y conocimiento de los cambios que se producen con el envejecimiento (autocuidado), entre otros.<\/li>\n\n\n\n<li>Perspectiva de las relaciones interpersonales: los \u00e1mbitos familiares o de relaciones pr\u00f3ximas, al ser espacios de inclusi\u00f3n, requieren negociaciones claras acerca del lugar de cada uno y el aumento de la capacidad de decisi\u00f3n frente a lo afectivo, econ\u00f3mico o cotidiano.<\/li>\n\n\n\n<li>Perspectiva de las relaciones comunitarias: encuentros intergeneracionales que aportan al desarrollo local de toda la comunidad para impedir el abandono de los espacios valorados socialmente, como son los CIAM, los CAM, Taytahuasi, los CIRAM, las asociaciones de personas mayores, los clubes, entre otros.<\/li>\n<\/ul>\n\n\n\n<p>Para Cuentas, los procesos de participaci\u00f3n a trav\u00e9s de las organizaciones de personas adultas mayores, desde diferentes espacios, son sumamente reivindicativos porque han sido los propios colectivos de mayores los que han puesto en la agenda la problem\u00e1tica del edadismo y su afectaci\u00f3n para sus vidas<a href=\"#_ftn11\" id=\"_ftnref11\">[11]<\/a>. As\u00ed, estos colectivos<\/p>\n\n\n\n<p>no se han limitado a ser las receptoras pasivas de las ayudas del gobierno. Por el contrario, han sido las que han puesto en la agenda p\u00fablica la agudizaci\u00f3n de la desigualdad como un desaf\u00edo a ser atendido; han exigido proteger la vida, no solo de ellas, sino de toda la poblaci\u00f3n, sin la cruel cultura del descarte \u2014donde unas vidas valen m\u00e1s que otras\u2014 [\u2026]; que los gobiernos locales asuman una intervenci\u00f3n activa frente a la crisis de los cuidados y de los diferentes tipos de violencias, principalmente la patrimonial y psicol\u00f3gica de mayor incidencia en la vida de las personas adultas mayores. Tambi\u00e9n han sido las primeras en dar protecci\u00f3n a sus familias (sosteniendo con sus pensiones las econom\u00edas familiares, vivienda y alimentaci\u00f3n, as\u00ed como tambi\u00e9n compartiendo sus saberes) [\u2026]. Han exigido a las autoridades y funcionarios p\u00fablicos una atenci\u00f3n prioritaria y diferencial, en cumplimiento de acuerdos y compromisos nacionales e internacionales.<a href=\"#_ftn12\" id=\"_ftnref12\">[12]<\/a><\/p>\n\n\n\n<p>______________________________<\/p>\n\n\n\n<p><a href=\"#_ftnref1\">[1]<\/a> Instituto Nacional de Estad\u00edstica e Inform\u00e1tica. (2023, diciembre). <em>Situaci\u00f3n de la poblaci\u00f3n adulta mayor. Informe T\u00e9cnico n.\u00b0 4<\/em>. https:\/\/shorturl.at\/eAKM5<br><a href=\"#_ftnref2\">[2]<\/a> <em>Ibid.<br><\/em><a href=\"#_ftnref3\">[3]<\/a><br><a href=\"#_ftnref4\">[4]<\/a> Fern\u00e1ndez-Ballesteros, R. (Ed.). (2014). <em>Psicolog\u00eda de la vejez. Una psicogerontolog\u00eda aplicada<\/em>. Pir\u00e1mide, p. 55.<br><a href=\"#_ftnref5\">[5]<\/a> Ministerio de Justicia y Derechos Humanos (MINJUS). (2020). <em>Informe Anal\u00edtico II Encuesta Nacional de Derechos Humanos<\/em>. https:\/\/shorturl.at\/bnxT5, pp. 70-72.<br><a href=\"#_ftnref6\">[6]<\/a> Butler, R. (1969). Age-Ism: Another Form of Bigotry. <em>The Gerontologist<\/em>, <em>9<\/em>(4), 243-246.<br><a href=\"#_ftnref7\">[7]<\/a> Iacub, R. (2011). <em>El poder en la vejez. Entre el empoderamiento y el desempoderamiento<\/em>. Instituto Nacional de Servicios Sociales para Jubilados y Pensionados (INSSJP), p. 19.<br><a href=\"#_ftnref8\">[8]<\/a> Mc Gowan, T. (1996). Viejismo y discriminaci\u00f3n. En J. Birren (ed.), <em>Encyclopedia of Gerontology<\/em>. Academic Press.<br><a href=\"#_ftnref9\">[9]<\/a> Levy B. &amp; Banaji, M. (2004). Implicit Ageism. En T. Nelson (comp.), <em>Ageism. Stereotyping and Prejudice against Older Persons<\/em>. The Mit Press.<br><a href=\"#_ftnref10\">[10]<\/a> Kuypers, J. &amp; Bengtson, V. (1973). Social breakdown and competence: A model of normal aging. <em>Human Development<\/em>, <em>16<\/em>(3), 181-201.<br><a href=\"#_ftnref11\" id=\"_ftn11\">[11]<\/a> Cuentas, R. (2021). Reflexiones sobre las brechas en el ejercicio de los Derechos Humanos de las personas adultas mayores en Per\u00fa. En G. Casas y M. Pi\u00f1a (coord.), <em>Evidencias internacionales de trabajo social en gerontolog\u00eda: el \u00e1mbito comunitario <\/em>(pp. 58-72). Universidad Nacional Aut\u00f3noma de M\u00e9xico, Escuela Nacional de Trabajo Social, Centro de Investigaci\u00f3n y Estudios de Trabajo Social en Gerontolog\u00eda, Red Latinoamericana de Docentes Universitarios y Profesionales de Trabajo Social en el campo Gerontol\u00f3gico. https:\/\/shorturl.at\/cswVZ<br><a href=\"#_ftnref12\" id=\"_ftn12\">[12]<\/a> <em>Ibid., <\/em>pp. 69-70.<\/p>\n","protected":false},"excerpt":{"rendered":"<p>Actualmente, en el Per\u00fa residen m\u00e1s de cuatro millones de personas adultas mayores, que representan el 12,7&nbsp;% de la poblaci\u00f3n total[1]. Algo m\u00e1s, el 52&nbsp;% son mujeres que pasan el umbral de los sesenta a\u00f1os, mientras que los hombres llegan al 47,6&nbsp;%[2]. Estas cifras nacionales, que indican que el pa\u00eds se encuentra en un proceso [&hellip;]<\/p>\n","protected":false},"author":1,"featured_media":1992,"comment_status":"closed","ping_status":"open","sticky":false,"template":"","format":"standard","meta":{"_acf_changed":false,"footnotes":""},"categories":[6,11],"tags":[9],"class_list":["post-2029","post","type-post","status-publish","format-standard","has-post-thumbnail","hentry","category-debates","category-notas-culturales","tag-articulo"],"acf":[],"post_mailing_queue_ids":[],"_links":{"self":[{"href":"http:\/\/test.boomerang.pe\/intercambio\/wp-json\/wp\/v2\/posts\/2029","targetHints":{"allow":["GET"]}}],"collection":[{"href":"http:\/\/test.boomerang.pe\/intercambio\/wp-json\/wp\/v2\/posts"}],"about":[{"href":"http:\/\/test.boomerang.pe\/intercambio\/wp-json\/wp\/v2\/types\/post"}],"author":[{"embeddable":true,"href":"http:\/\/test.boomerang.pe\/intercambio\/wp-json\/wp\/v2\/users\/1"}],"replies":[{"embeddable":true,"href":"http:\/\/test.boomerang.pe\/intercambio\/wp-json\/wp\/v2\/comments?post=2029"}],"version-history":[{"count":3,"href":"http:\/\/test.boomerang.pe\/intercambio\/wp-json\/wp\/v2\/posts\/2029\/revisions"}],"predecessor-version":[{"id":2071,"href":"http:\/\/test.boomerang.pe\/intercambio\/wp-json\/wp\/v2\/posts\/2029\/revisions\/2071"}],"wp:featuredmedia":[{"embeddable":true,"href":"http:\/\/test.boomerang.pe\/intercambio\/wp-json\/wp\/v2\/media\/1992"}],"wp:attachment":[{"href":"http:\/\/test.boomerang.pe\/intercambio\/wp-json\/wp\/v2\/media?parent=2029"}],"wp:term":[{"taxonomy":"category","embeddable":true,"href":"http:\/\/test.boomerang.pe\/intercambio\/wp-json\/wp\/v2\/categories?post=2029"},{"taxonomy":"post_tag","embeddable":true,"href":"http:\/\/test.boomerang.pe\/intercambio\/wp-json\/wp\/v2\/tags?post=2029"}],"curies":[{"name":"wp","href":"https:\/\/api.w.org\/{rel}","templated":true}]}}