{"id":27,"count":1,"description":"En esta etapa, el periodo post-Fujimori permiti\u00f3 la expansi\u00f3n educativa y la implementaci\u00f3n de pol\u00edticas p\u00fablicas gracias a un contexto econ\u00f3mico favorable. La Ley General de Educaci\u00f3n de 2003 promovi\u00f3 principios de equidad e inclusi\u00f3n y estableci\u00f3 la educaci\u00f3n como un derecho. Se introdujeron evaluaciones estandarizadas y encuestas nacionales para mejorar la calidad educativa. Aunque se observ\u00f3 un crecimiento en la educaci\u00f3n inicial y secundaria, persisten brechas significativas en el acceso y la calidad para sectores m\u00e1s vulnerables.\r\n","link":"http:\/\/test.boomerang.pe\/museo\/category\/siglo-xxi\/siglo-xxi-siglo-xxi\/","name":"Siglo XXI","slug":"siglo-xxi-siglo-xxi","taxonomy":"category","parent":8,"meta":[],"_links":{"self":[{"href":"http:\/\/test.boomerang.pe\/museo\/wp-json\/wp\/v2\/categories\/27","targetHints":{"allow":["GET"]}}],"collection":[{"href":"http:\/\/test.boomerang.pe\/museo\/wp-json\/wp\/v2\/categories"}],"about":[{"href":"http:\/\/test.boomerang.pe\/museo\/wp-json\/wp\/v2\/taxonomies\/category"}],"up":[{"embeddable":true,"href":"http:\/\/test.boomerang.pe\/museo\/wp-json\/wp\/v2\/categories\/8"}],"wp:post_type":[{"href":"http:\/\/test.boomerang.pe\/museo\/wp-json\/wp\/v2\/posts?categories=27"},{"href":"http:\/\/test.boomerang.pe\/museo\/wp-json\/wp\/v2\/publicaciones?categories=27"}],"curies":[{"name":"wp","href":"https:\/\/api.w.org\/{rel}","templated":true}]}}