{"id":58,"date":"2022-07-21T02:35:00","date_gmt":"2022-07-21T02:35:00","guid":{"rendered":"http:\/\/test.boomerang.pe\/museo\/?p=58"},"modified":"2023-12-06T22:02:08","modified_gmt":"2023-12-06T22:02:08","slug":"la-formacion-de-escuelas-en-la-nueva-nacion","status":"publish","type":"post","link":"http:\/\/test.boomerang.pe\/museo\/la-formacion-de-escuelas-en-la-nueva-nacion\/","title":{"rendered":"La formaci\u00f3n de escuelas en la nueva naci\u00f3n (1821-1849)"},"content":{"rendered":"\n<p>A partir de la independencia, hubo una gran preocupaci\u00f3n por parte de los pol\u00edticos y \u00e9lites para construir una identidad nacional que se diferenciara de la espa\u00f1ola y de las naciones vecinas recientemente independizadas. Sin embargo, los primeros a\u00f1os de la historia republicana del Per\u00fa se definieron por los constantes conflictos entre caudillos y un clima de inestabilidad pol\u00edtica, sumado a coyunturas de crisis econ\u00f3mica y corrupci\u00f3n, lo que afect\u00f3 gravemente la continuidad y eficacia de las pol\u00edticas p\u00fablicas y la gesti\u00f3n educativa de la naciente rep\u00fablica.&nbsp;<\/p>\n\n\n\n<h3 class=\"wp-block-heading\"><img loading=\"lazy\" decoding=\"async\" width=\"30\" height=\"31\" class=\"wp-image-34\" style=\"width: 30px;\" src=\"http:\/\/test.boomerang.pe\/museo\/wp-content\/uploads\/2022\/07\/concepcion.png\" alt=\"\"> La concepci\u00f3n de la escuela<\/h3>\n\n\n\n<p>Se esperaba que la nueva naci\u00f3n se forjara en los valores sociales de la \u00e9poca pues, de este modo, la educaci\u00f3n ser\u00eda vista como un medio en el cual se pod\u00eda formar una ciudadan\u00eda que se identificara con el discurso de naci\u00f3n que se estaba construyendo, es decir, peruanos patriotas.<\/p>\n\n\n\n<p>Uno de los art\u00edculos de la primera Constituci\u00f3n, elaborada en 1823, resume las diferentes concepciones sobre la escuela que el naciente Estado formalizaba como norma: \u201cTodas las poblaciones de la Rep\u00fablica tienen derecho a los establecimientos de instrucci\u00f3n que sean adaptables a sus circunstancias. No puede dejar de haber universidades en las capitales de departamento, ni escuelas de instrucci\u00f3n primaria en los lugares m\u00e1s peque\u00f1os; la que comprender\u00e1 tambi\u00e9n el catecismo de la Religi\u00f3n Cat\u00f3lica y una breve exposici\u00f3n de las obligaciones morales y civiles.\u201d La concepci\u00f3n de universalizar la \u201cinstrucci\u00f3n primaria gratuita a todos los ciudadanos\u201d queda explicitada en las Constituciones de 1828, 1834 y 1839.<\/p>\n\n\n\n<p>La educaci\u00f3n c\u00edvica fue central durante este per\u00edodo ya que enfatizaba tanto en la ense\u00f1anza de las instituciones y poderes estatales como en los derechos y deberes ciudadanos. Esto se observa en el \u201c<a href=\"https:\/\/repositorio.pucp.edu.pe\/index\/handle\/123456789\/173222\"><em>Catecismo pol\u00edtico<\/em> p<em>ara la primera ense\u00f1anza de las escuelas de la Rep\u00fablica del Per\u00fa<\/em><\/a><em>\u201d <\/em>de Antonio Gonz\u00e1lez (1825), el cual sirvi\u00f3 como material para dicha instrucci\u00f3n. Poco se sabe acerca de la difusi\u00f3n de materiales como este y el uso que se les daba en las escuelas. As\u00ed tambi\u00e9n se expres\u00f3 en el \u201c<a href=\"https:\/\/curiosity.lib.harvard.edu\/latin-american-pamphlet-digital-collection\/catalog\/43-990050385900203941\"><em>Catecismo patri\u00f3tico para el uso de las escuelas municipales de la ciudad del Callao\u201d<\/em><\/a>(1859) de Francisco de Paula Gonz\u00e1les Vigil.<\/p>\n\n\n\n<p>La educaci\u00f3n en esto a\u00f1os fue guiada por el deseo ilustrado de llevar el saber a todos por igual. Para preparar a sus estudiantes, el estado peruano opt\u00f3 por el m\u00e9todo lancasteriano, establecido por San Mart\u00edn durante el Protectorado. Este m\u00e9todo consist\u00eda en \u201cutilizar a los alumnos de mayor edad, y que hab\u00edan sobresalido en sus estudios, para que instruyeran a los pupilos m\u00e1s peque\u00f1os y menos avanzados\u00bb (O&#8217;Phelan, 2021, p.121), y as\u00ed ampliar la atenci\u00f3n a m\u00e1s alumnos a bajo costo. Los libros de base para la ense\u00f1anza de la lectura ten\u00edan contenidos religiosos (Espinoza, 2007).<\/p>\n\n\n\n<p>A\u00fan con dificultades, se estableci\u00f3 un eje transversal pedag\u00f3gico, centrado en formar \u00e9ticamente en la moral cristiana y preparar ciudadanos \u00fatiles para la Rep\u00fablica, como qued\u00f3 plasmado en el <a href=\"https:\/\/www.leyes.congreso.gob.pe\/Documentos\/LeyesXIX\/1836109.pdf\">Reglamento de Escuelas Primarias de 1836.<\/a> En esta norma se estableci\u00f3, adem\u00e1s, un horario, lecciones de urbanidad, las obligaciones del alumnado y becas por rendimiento acad\u00e9mico (Ministerio del Interior, 1836).<\/p>\n\n\n\n<p><\/p>\n\n\n\n<h3 class=\"wp-block-heading\"><img loading=\"lazy\" decoding=\"async\" width=\"30\" height=\"30\" class=\"wp-image-35\" style=\"width: 30px;\" src=\"http:\/\/test.boomerang.pe\/museo\/wp-content\/uploads\/2022\/07\/infraestructura.png\" alt=\"\"> La gesti\u00f3n de las escuelas<\/h3>\n\n\n\n<p>Las escuelas en estas primeras d\u00e9cadas de la Rep\u00fablica estuvieron condicionadas a los cambios repentinos del \u00f3rgano rector que las gestionara desde el poder central.&nbsp; El primer organismo rector nacional de la educaci\u00f3n escolar del nuevo Estado Peruano fue la Direcci\u00f3n General de Estudios, establecida en 1825 por el Consejo de Gobierno del Libertador Sim\u00f3n Bol\u00edvar bajo la presidencia de Hip\u00f3lito Unanue.&nbsp; Posteriormente, en 1837, a iniciativa del Gobierno del Gran Mariscal Don Andr\u00e9s de Santa Cruz (1836-1839), presidente de la Confederaci\u00f3n Per\u00fa \u2013 Bolivia, se crea el Ministerio de Instrucci\u00f3n P\u00fablica, Beneficencia y Negocios Eclesi\u00e1sticos. El mismo presidente, un a\u00f1o despu\u00e9s, por motivos econ\u00f3micos, reubica la instrucci\u00f3n p\u00fablica como parte de otro ministerio para que, en el a\u00f1o 1939, a iniciativa del gobierno del Gran Mariscal Agust\u00edn Gamarra (1829-1833\/ 1839-1841), reinstituirse como un ministerio independiente. La gesti\u00f3n local de la instrucci\u00f3n primaria fue encomendada desde la Constituci\u00f3n de 1823 a los municipios.&nbsp;<\/p>\n\n\n\n<p>Este periodo se caracteriz\u00f3 tanto por la inestabilidad de los gobiernos caudillistas como por la inexperiencia de los pol\u00edticos para la gesti\u00f3n p\u00fablica. En el caso de la educaci\u00f3n, esta signific\u00f3, para los gobiernos de la \u00e9poca, una dificultad para establecer un curr\u00edculo a nivel nacional, homogeneizar los m\u00e9todos y materiales de ense\u00f1anza, as\u00ed como tambi\u00e9n construir una burocracia educativa eficaz.&nbsp;<\/p>\n\n\n\n<p>Ante la escasez de opciones educativas p\u00fablicas, tanto familias urbanas como rurales recurrieron a escuelas privadas administradas por los gobiernos locales, la Iglesia Cat\u00f3lica o empresarios. El Estado brind\u00f3 algunas subvenciones y beneficios al \u00faltimo grupo mencionado.<\/p>\n\n\n<div class=\"wp-block-image\">\n<figure class=\"aligncenter size-full\"><img loading=\"lazy\" decoding=\"async\" width=\"397\" height=\"512\" src=\"http:\/\/test.boomerang.pe\/museo\/wp-content\/uploads\/2023\/11\/MINISTERIO-DE-ESTADO.png\" alt=\"\" class=\"wp-image-257\" srcset=\"http:\/\/test.boomerang.pe\/museo\/wp-content\/uploads\/2023\/11\/MINISTERIO-DE-ESTADO.png 397w, http:\/\/test.boomerang.pe\/museo\/wp-content\/uploads\/2023\/11\/MINISTERIO-DE-ESTADO-233x300.png 233w\" sizes=\"auto, (max-width: 397px) 100vw, 397px\" \/><figcaption class=\"wp-element-caption\">Fuente: Comisi\u00f3n Nacional del sesquicentenario de la independencia del Per\u00fa 1975. Obra gubernativa y epistolario de Bol\u00edvar 1823-1825. Tomo XIV-vol 1-Colecci\u00f3n documental de la independencia del Per\u00fa.<\/figcaption><\/figure><\/div>\n\n<div class=\"wp-block-image\">\n<figure class=\"aligncenter size-full\"><img loading=\"lazy\" decoding=\"async\" width=\"398\" height=\"512\" src=\"http:\/\/test.boomerang.pe\/museo\/wp-content\/uploads\/2023\/11\/MINISTERIO-DE-ESTADO_2.png\" alt=\"\" class=\"wp-image-258\" srcset=\"http:\/\/test.boomerang.pe\/museo\/wp-content\/uploads\/2023\/11\/MINISTERIO-DE-ESTADO_2.png 398w, http:\/\/test.boomerang.pe\/museo\/wp-content\/uploads\/2023\/11\/MINISTERIO-DE-ESTADO_2-233x300.png 233w\" sizes=\"auto, (max-width: 398px) 100vw, 398px\" \/><figcaption class=\"wp-element-caption\">Fuente: Comisi\u00f3n Nacional del sesquicentenario de la independencia del Per\u00fa 1975. Obra gubernativa y epistolario de Bol\u00edvar 1823-1825. Tomo XIV-vol 1-Colecci\u00f3n documental de la independencia del Per\u00fa.<\/figcaption><\/figure><\/div>\n\n\n<hr class=\"wp-block-separator has-alpha-channel-opacity\"\/>\n\n\n\n<h3 class=\"wp-block-heading\"><img loading=\"lazy\" decoding=\"async\" width=\"30\" height=\"30\" class=\"wp-image-36\" style=\"width: 30px;\" src=\"http:\/\/test.boomerang.pe\/museo\/wp-content\/uploads\/2022\/07\/magisterio.png\" alt=\"\"> Qui\u00e9nes estudiaban<\/h3>\n\n\n\n<p>A las escuelas existentes asist\u00edan ni\u00f1os, ni\u00f1as y j\u00f3venes de las \u00e9lites nacionales y provinciales. Las escuelas, en este per\u00edodo, eran inaccesibles para amplios sectores de la poblaci\u00f3n como los ind\u00edgenas y los afrodescendientes. Durante esos a\u00f1os se crearon los primeros colegios de mujeres en Cusco e Ica. Posteriormente, se fundaron los de las ciudades de Trujillo, Hu\u00e1nuco, Arequipa, Cajamarca, Cusco, Puno y Tacna (Mannarelli, 2013). Las mujeres no ten\u00edan acceso a los colegios mayores ni universidades. Entre los colegios mayores creados en esa \u00e9poca se encontraban el Colegio Mayor San Carlos, el Colegio Mayor San Fernando y el Colegio de Nuestra Se\u00f1ora de Guadalupe.<\/p>\n\n\n\n<p>Exist\u00edan, para este momento, una diversidad de establecimientos de instrucci\u00f3n p\u00fablica: escuelas de primeras letras y colegios, as\u00ed como tambi\u00e9n los que eran p\u00fablicos y gratuitos y privados, entre los que estaban a cargo de congregaciones religiosas que gozaban de gran prestigio. En la tabla siguiente se aprecia, para el caso de Lima, la evoluci\u00f3n de las escuelas del nivel de educaci\u00f3n primaria donde destacan las de gesti\u00f3n privada.<\/p>\n\n\n\n<h4 class=\"wp-block-heading\" style=\"font-size:20px\"><strong>Tabla 1 Evoluci\u00f3n del n\u00famero de escuelas en Lima (1822-1850)<\/strong><\/h4>\n\n\n<div class=\"wp-block-image\">\n<figure class=\"aligncenter size-full\"><img loading=\"lazy\" decoding=\"async\" width=\"512\" height=\"186\" src=\"http:\/\/test.boomerang.pe\/museo\/wp-content\/uploads\/2023\/11\/Tabla1_Evolucion.png\" alt=\"\" class=\"wp-image-259\" srcset=\"http:\/\/test.boomerang.pe\/museo\/wp-content\/uploads\/2023\/11\/Tabla1_Evolucion.png 512w, http:\/\/test.boomerang.pe\/museo\/wp-content\/uploads\/2023\/11\/Tabla1_Evolucion-300x109.png 300w\" sizes=\"auto, (max-width: 512px) 100vw, 512px\" \/><figcaption class=\"wp-element-caption\">Fuente: Huaraj ,2017, p.122<\/figcaption><\/figure><\/div>\n\n\n<h3 class=\"wp-block-heading\">Fuentes primarias<\/h3>\n\n\n\n<ul class=\"wp-block-list\">\n<li>Congreso Constituyente del Per\u00fa. (1823). <a href=\"https:\/\/www.leyes.congreso.gob.pe\/Documentos\/constituciones_ordenado\/CONSTIT_1823\/Cons1823_TEXTO.pdf\"><em>Constituci\u00f3n Pol\u00edtica del Per\u00fa.<\/em><\/a><\/li>\n\n\n\n<li>Congreso General Constituyente del Per\u00fa. (1828). <a href=\"https:\/\/www.leyes.congreso.gob.pe\/Documentos\/constituciones_ordenado\/CONSTIT_1828\/Cons1828_TEXTO.pdf\"><em>Constituci\u00f3n Pol\u00edtica de la Rep\u00fablica Peruana<\/em>.<\/a> <\/li>\n\n\n\n<li>Convenci\u00f3n Nacional. (1834). <a href=\"https:\/\/www.congreso.gob.pe\/Docs\/biblioteca\/Constitucion\/006166-1834\/index.html\"><em>Constituci\u00f3n Pol\u00edtica de la Rep\u00fablica Peruana<\/em>. <\/a><\/li>\n\n\n\n<li>Congreso General de Huancayo. (1839). <em><a href=\"https:\/\/www.congreso.gob.pe\/Docs\/biblioteca\/Constitucion\/003285\/index.html.\">Constituci\u00f3n Pol\u00edtica de la Rep\u00fablica Peruana<\/a><\/em>.<\/li>\n\n\n\n<li>Comisi\u00f3n Nacional del sesquicentenario de la independencia del Per\u00fa (1975). <a href=\"https:\/\/repositorio.bicentenario.gob.pe\/handle\/20.500.12934\/154\"><em>Obra gubernativa y epistolario de Bol\u00edvar 1823-1826<\/em>.<\/a> Tomo XIV-vol 1-Colecci\u00f3n documental de la independencia del Per\u00fa.<em> <\/em><\/li>\n\n\n\n<li><a href=\"http:\/\/www.minedu.gob.pe\/institucional\/pdf\/1837014-decreto-supremo-creacion_ministerio.pdf\">Creaci\u00f3n del Ministerio de Instrucci\u00f3n P\u00fablica, Beneficencia y Negocios Eclesi\u00e1sticos (1837).<\/a><\/li>\n\n\n\n<li>Ministerio de Gobierno de Instrucci\u00f3n (1846). <a href=\"https:\/\/biblioteca.congreso.gob.pe\/exlibris\/aleph\/u23_1\/alephe\/www_f_spa\/icon\/html\/Diarios\/DIPE18460815.pdf\">Designaci\u00f3n de comisi\u00f3n para reglamentar la instrucci\u00f3n primaria, la preparatoria y la facultativa.<\/a> <em>El Peruano. Peri\u00f3dico oficial. 15 de agosto<\/em>, pp. 65- 66. Biblioteca del Congreso de la Rep\u00fablica \u00abC\u00e9sarVallejo\u00bb.<\/li>\n\n\n\n<li>Gobierno del Per\u00fa (1837). <a href=\"http:\/\/www.minedu.gob.pe\/institucional\/pdf\/1837014-decreto-supremo-creacion_ministerio.pdf\"><em>Decreto Supremo que crea el Ministerio de Instrucci\u00f3n, Beneficencia y Negocios Eclesi\u00e1sticos.<\/em><\/a>&nbsp;<\/li>\n\n\n\n<li>Gonz\u00e1lez Vigil, F. (1859). <a href=\"https:\/\/books.google.com.pe\/books?id=BsZWAAAAYAAJ&amp;printsec=frontcover#v=onepage&amp;q&amp;f=false\"><em>Catecismo patri\u00f3tico; Catecismo patri\u00f3tico para el uso de las escuelas municipales de la ciudad del Callao.<\/em><\/a><em>&nbsp;<\/em><\/li>\n\n\n\n<li>Gonz\u00e1lez, A. (1825). <a href=\"https:\/\/repositorio.pucp.edu.pe\/index\/handle\/123456789\/173222\"><em>Catecismo pol\u00edtico para la primera ense\u00f1anza de las escuelas de la Rep\u00fablica del Per\u00fa<\/em>.<\/a> Imprenta del Gobierno.&nbsp;<\/li>\n\n\n\n<li>Ministerio del Interior (1836). <a href=\"https:\/\/www.leyes.congreso.gob.pe\/Documentos\/LeyesXIX\/1836109.pdf\"><em>Reglamento de Escuelas Primarias.<\/em><\/a><\/li>\n<\/ul>\n\n\n\n<h3 class=\"wp-block-heading\">Referencias<\/h3>\n\n\n\n<ul class=\"wp-block-list\">\n<li>Alfaro, A., Chon, B., Paucar, C., y Olarte, T. (2020). Bicentenario de la independencia: Teor\u00edas, paradigmas y obra educativa en el gobierno de Sim\u00f3n Bol\u00edvar (1822-1827).<em> Pluriversidad, <\/em>53. DOI:10.31381\/pluriversidad.v0i6.3631<\/li>\n\n\n\n<li>Contreras, C. (2021). <a href=\"https:\/\/doi.org\/10.34236\/rpie.v13i15.343\">La educaci\u00f3n en el Per\u00fa de la posindependencia a trav\u00e9s de sus textos.<\/a> <em>Revista Peruana de Investigaci\u00f3n Educativa, 13<\/em>(15).&nbsp;<\/li>\n\n\n\n<li>Chocano, M., y Mannarelli, M. (2013). <em>Educaci\u00f3n del ciudadano y disciplina social, 1821-1860<\/em>. Derrama Magisterial.<\/li>\n\n\n\n<li>Ministerio de Educaci\u00f3n (s\/f). <a href=\"http:\/\/www.minedu.gob.pe\/institucional\/cronologia.php\">Cronolog\u00eda Hist\u00f3rica del Ministerio de Educaci\u00f3n.<\/a><\/li>\n\n\n\n<li>Eguren, M., Bela\u00fande de, C., &nbsp; y Gonz\u00e1lez, N. (2022). <a href=\"https:\/\/bicentenario.gob.pe\/biblioteca\/detalle-libro\/diversosydesiguales-escuelapublica\"><em>Diversos y desiguales. Doscientos a\u00f1os de escuela p\u00fablica en el Per\u00fa.<\/em><\/a> Ministerio de Cultura.&nbsp;<\/li>\n\n\n\n<li>Espinoza, G. A.&nbsp; (2013). <a href=\"https:\/\/link.springer.com\/book\/10.1057\/9781137333032\"><em>Education and the State in Modern Peru: Primary Schooling in Lima, 1821\u20131921.<\/em><\/a> Palgrave Macmillan.&nbsp;<\/li>\n\n\n\n<li>Espinoza, G. A. (2011). <a href=\"https:\/\/dx.doi.org\/10.4067\/S0719-12432011000100004\">Estado, comunidades locales y escuelas primaria en el Departamento de Lima, Per\u00fa (1821-1905).<\/a><em> Cuadernos de Historia<\/em>, (34), 83-108.&nbsp;<\/li>\n\n\n\n<li>Espinoza, G. (2007). <a href=\"https:\/\/repositorio.pucp.edu.pe\/index\/handle\/123456789\/122238\">Libros escolares y educaci\u00f3n primaria en la ciudad de Lima durante el siglo XIX.<\/a> <em>Hist\u00f3rica, 31<\/em>(1), 135-170.&nbsp;<\/li>\n\n\n\n<li>Huaraj, J. (2017). <a href=\"https:\/\/cybertesis.unmsm.edu.pe\/bitstream\/handle\/20.500.12672\/6471\/Huaraj_aj.pdf?sequence=3&amp;isAllowed=y\"><em>Estado, sociedad y educaci\u00f3n en el Per\u00fa: la instrucci\u00f3n de las primeras letras en Lima, 1821-1850<\/em>.<\/a> [Tesis Maestr\u00eda Historia, Universidad Nacional Mayor de San Marcos]<\/li>\n\n\n\n<li>Huaraj, J. (2018). <a href=\"https:\/\/revistasinvestigacion.unmsm.edu.pe\/index.php\/sociales\/article\/view\/14669\/1286\">El Estado republicano peruano y la expansi\u00f3n jurisdiccional del m\u00e9todo lancasteriano en las poblaciones pr\u00f3ximas a Lima, 1821-1840.<\/a> Investigaciones Sociales, 21,129-142.&nbsp;<\/li>\n\n\n\n<li>Huaraj, J. (2020). <a href=\"https:\/\/ctscafe.pe\/index.php\/ctscafe\/issue\/view\/3\/11\">Obras y leyes a favor de la instrucci\u00f3n de primeras letras durante la Confederaci\u00f3n Per\u00fa Boliviana: 1836-1839.<\/a> CTScafe, 1 (3), 20.&nbsp;<\/li>\n\n\n\n<li>Mannarelli, M. E. (2013). <em>Las mujeres y sus propuestas educativas, 1870-1930<\/em>. Lima: Derrama Magisterial. Colecci\u00f3n Pensamiento Educativo Peruano. Tomo 9. pp. 1- 71.<\/li>\n\n\n\n<li>O\u2019Phelan, S. (2021). <a href=\"https:\/\/www.adp.edu.pe\/uploads\/seccion\/24-11-21-1814596119.pdf\">Un punto coincidencia entre San Mart\u00edn y Bol\u00edvar: La utilidad de las escuelas lancasterianas o de ense\u00f1anza mutua en el Per\u00fa.<\/a> <em>Pol\u00edtica Internacional, 129<\/em>, 113-138.&nbsp;<\/li>\n\n\n\n<li>Rey de Castro, A. (2013). <em>La transici\u00f3n: de s\u00fabditos a ciudadanos, 1781-1826<\/em>. Derrama Magisterial.<\/li>\n<\/ul>\n","protected":false},"excerpt":{"rendered":"<p>A partir de la independencia, hubo una gran preocupaci\u00f3n por parte de los pol\u00edticos y \u00e9lites para construir una identidad nacional que se diferenciara de la espa\u00f1ola y de las naciones vecinas recientemente independizadas. Sin embargo, los primeros a\u00f1os de la historia republicana del Per\u00fa se definieron por los constantes conflictos entre caudillos y un[&#8230;]<\/p>\n","protected":false},"author":2,"featured_media":94,"comment_status":"open","ping_status":"open","sticky":false,"template":"","format":"standard","meta":{"_coblocks_attr":"","_coblocks_dimensions":"","_coblocks_responsive_height":"","_coblocks_accordion_ie_support":"","footnotes":""},"categories":[6],"tags":[],"class_list":["post-58","post","type-post","status-publish","format-standard","has-post-thumbnail","hentry","category-xix"],"_links":{"self":[{"href":"http:\/\/test.boomerang.pe\/museo\/wp-json\/wp\/v2\/posts\/58","targetHints":{"allow":["GET"]}}],"collection":[{"href":"http:\/\/test.boomerang.pe\/museo\/wp-json\/wp\/v2\/posts"}],"about":[{"href":"http:\/\/test.boomerang.pe\/museo\/wp-json\/wp\/v2\/types\/post"}],"author":[{"embeddable":true,"href":"http:\/\/test.boomerang.pe\/museo\/wp-json\/wp\/v2\/users\/2"}],"replies":[{"embeddable":true,"href":"http:\/\/test.boomerang.pe\/museo\/wp-json\/wp\/v2\/comments?post=58"}],"version-history":[{"count":0,"href":"http:\/\/test.boomerang.pe\/museo\/wp-json\/wp\/v2\/posts\/58\/revisions"}],"wp:featuredmedia":[{"embeddable":true,"href":"http:\/\/test.boomerang.pe\/museo\/wp-json\/wp\/v2\/media\/94"}],"wp:attachment":[{"href":"http:\/\/test.boomerang.pe\/museo\/wp-json\/wp\/v2\/media?parent=58"}],"wp:term":[{"taxonomy":"category","embeddable":true,"href":"http:\/\/test.boomerang.pe\/museo\/wp-json\/wp\/v2\/categories?post=58"},{"taxonomy":"post_tag","embeddable":true,"href":"http:\/\/test.boomerang.pe\/museo\/wp-json\/wp\/v2\/tags?post=58"}],"curies":[{"name":"wp","href":"https:\/\/api.w.org\/{rel}","templated":true}]}}