{"id":63,"date":"2022-07-21T23:44:57","date_gmt":"2022-07-21T23:44:57","guid":{"rendered":"http:\/\/test.boomerang.pe\/museo\/?p=63"},"modified":"2023-12-06T22:02:37","modified_gmt":"2023-12-06T22:02:37","slug":"la-organizacion-de-la-instruccion","status":"publish","type":"post","link":"http:\/\/test.boomerang.pe\/museo\/la-organizacion-de-la-instruccion\/","title":{"rendered":"La organizaci\u00f3n de la instrucci\u00f3n (1850-1878)"},"content":{"rendered":"\n<p><\/p>\n\n\n\n<p>Estos a\u00f1os se caracterizaron por la relativa estabilidad econ\u00f3mica, debido al auge guanero. Por tal motivo, Ram\u00f3n Castilla, en su primera presidencia (1945-1951), tuvo la sensatez de implementar el primer presupuesto nacional y el primer Reglamento de Educaci\u00f3n (1850). Por otro lado, este periodo se caracteriz\u00f3 por el declive de los caudillos y el auge del Civilismo, permitiendo una \u00e9poca de estabilidad pol\u00edtica. Este ambiente de tranquilidad y bonanza hizo posible que el aparato estatal creciera y gestionara la educaci\u00f3n por medio de las juntas y comisiones de instrucci\u00f3n, las cuales hicieron posible regular mejor la labor docente.<\/p>\n\n\n\n<h3 class=\"wp-block-heading\"><img loading=\"lazy\" decoding=\"async\" width=\"30\" height=\"31\" class=\"wp-image-34\" style=\"width: 30px;\" src=\"http:\/\/test.boomerang.pe\/museo\/wp-content\/uploads\/2022\/07\/concepcion.png\" alt=\"\"> <strong>La concepci\u00f3n de la escuela<\/strong><\/h3>\n\n\n\n<p>Durante este periodo, las \u00e9lites gobernantes desarrollaron un enfoque normativista de la escuela peruana, concebida esta como una instituci\u00f3n que demandaba de normas para asumirla y regularla como parte del Estado. Esto se explicit\u00f3 a trav\u00e9s de una reglamentaci\u00f3n de la instrucci\u00f3n p\u00fablica como son los Reglamentos de 1850, 1855, 1874 y 1876. Con estas normas, el Estado inici\u00f3 su organizaci\u00f3n con el objetivo de establecer y desarrollar un sistema educativo capaz de integrar a la poblaci\u00f3n y formarla para que sea una comunidad republicana. Para ampliar la supervisi\u00f3n estatal sobre la educaci\u00f3n, el Reglamento de 1876 cre\u00f3 el Consejo Superior de Instrucci\u00f3n P\u00fablica.&nbsp;<\/p>\n\n\n\n<p>En dichas normas se estableci\u00f3 que la ense\u00f1anza pod\u00eda ser p\u00fablica o privada, reafirmando, adem\u00e1s, un enfoque centrado en la moral y religi\u00f3n.&nbsp; As\u00ed, el reglamento de 1850 estipulaba que los establecimientos de ense\u00f1anza estar\u00edan orientados hacia una educaci\u00f3n moral y religiosa en concordancia con \u201cla pureza de la doctrina\u201d. A su vez, prevalec\u00eda una concepci\u00f3n divisoria respecto a la educaci\u00f3n para varones y mujeres, quedando prohibida la concurrencia simult\u00e1nea de ambos sexos a las escuelas y determin\u00e1ndose, a su vez, planes de estudios diferentes.<\/p>\n\n\n\n<p>En el <a href=\"https:\/\/leyes.congreso.gob.pe\/Documentos\/LeyesXIX\/1855033.pdf\">Reglamento de Instrucci\u00f3n P\u00fablica<\/a> de 1855, promulgado en el gobierno de Ram\u00f3n Castilla, se hace evidente el car\u00e1cter de obligatoriedad de la educaci\u00f3n escolar desde los 7 a\u00f1os y menores de 14 a\u00f1os para aquellos considerados como \u201csirvientes\u201d de \u201cpatrones\u201d. La norma planteaba una sanci\u00f3n para los padres y patrones que no cumplieran con esta disposici\u00f3n.<\/p>\n\n\n\n<p>Otro documento m\u00e1s conceptual promovido por el civilismo fue el \u201c<em>Catecismo civil de los deberes y derechos del ciudadano\u201d<\/em> (1874), texto oficial para las escuelas primarias, el cual revela un enfoque en el que se buscaba fomentar valores c\u00edvicos y una identidad colectiva basada en una noci\u00f3n del ciudadano (Mc Evoy, 1997). En esa perspectiva, la instrucci\u00f3n era considerada parte del proyecto civilista y un mecanismo estatal para crear una comunidad consciente que permitiera sostener el proyecto nacional que se quer\u00eda implementar. Para ello, los objetivos eran lograr la secularizaci\u00f3n de la educaci\u00f3n y el acceso a la instrucci\u00f3n en los sectores populares del pa\u00eds.<\/p>\n\n\n\n<h3 class=\"wp-block-heading\"><img loading=\"lazy\" decoding=\"async\" width=\"30\" height=\"30\" class=\"wp-image-35\" style=\"width: 30px;\" src=\"http:\/\/test.boomerang.pe\/museo\/wp-content\/uploads\/2022\/07\/infraestructura.png\" alt=\"\"> La gesti\u00f3n de las escuelas<\/h3>\n\n\n\n<p>Durante el primer gobierno de Ram\u00f3n Castilla (1845-1851) se estableci\u00f3 el <a href=\"https:\/\/leyes.congreso.gob.pe\/Documentos\/LeyesXIX\/1850040.pdf\">Reglamento General de Instrucci\u00f3n P\u00fablica<\/a> (1850) que reconoce la ense\u00f1anza p\u00fablica y privada y la instrucci\u00f3n p\u00fablica de tres grados: el primero se daba en las escuelas; el segundo, en los colegios menores, y el tercero, en los colegios mayores y universidades. Las escuelas, a su vez, se clasificaban en aquellas de primer y segundo orden. Se estableci\u00f3 que, en cada parroquia (as\u00ed se denominaba a una unidad territorial local), dentro de su jurisdicci\u00f3n territorial, haya un n\u00famero espec\u00edfico de escuelas gratuitas.&nbsp;<\/p>\n\n\n\n<p>La gesti\u00f3n de las escuelas estaba condicionada a los cambios en la ubicaci\u00f3n de este sector en el aparato estatal. As\u00ed, en 1855, se organiz\u00f3 el Ministerio de Relaciones Exteriores e Instrucci\u00f3n P\u00fablica y, un a\u00f1o despu\u00e9s, la secci\u00f3n de Instrucci\u00f3n P\u00fablica fue nuevamente trasladada al Ministerio de Justicia, Instrucci\u00f3n y Beneficencia.<\/p>\n\n\n\n<p>Durante el gobierno de <a href=\"https:\/\/www.youtube.com\/watch?v=niR5_DoYvZ4\">Manuel Pardo y Lavalle<\/a> (1872-1876) se continu\u00f3 con iniciativas para institucionalizar la administraci\u00f3n de la educaci\u00f3n en el Per\u00fa. Un nuevo Reglamento General de Instrucci\u00f3n P\u00fablica, que entr\u00f3 en vigor en 1876, establec\u00eda que las municipalidades distritales y provinciales ser\u00edan las encargadas de controlar los aspectos financieros y administrativos de las escuelas. Aunque las parroquias fueron relevadas de estas funciones, la injerencia de la Iglesia en la educaci\u00f3n peruana se mantuvo (Aljov\u00edn y Vel\u00e1zquez, 2013). El gobierno central mantuvo la autoridad de intervenir y controlar la ense\u00f1anza a trav\u00e9s de inspectores; sin embargo, se estableci\u00f3 como autoridad m\u00e1xima al ministro de Instrucci\u00f3n, asistido por el Consejo Superior de Instrucci\u00f3n P\u00fablica. Dicha entidad ejerc\u00eda control sobre la educaci\u00f3n tanto p\u00fablica como privada, recopilaba informaci\u00f3n educativa, pod\u00eda dar permisos de funcionamiento y encargarse de los planes de estudio y de los textos de educaci\u00f3n primaria y media.<\/p>\n\n\n\n<p>Durante este periodo tambi\u00e9n se realizaron diferentes iniciativas para tener m\u00e1s maestros y maestras (denominados preceptores) que estuvieran preparados y formados para cumplir su funci\u00f3n en diferentes departamentos del pa\u00eds pues se crearon escuelas normales en Cajamarca, Jun\u00edn y Cusco. Se promovi\u00f3 la contrataci\u00f3n de maestros extranjeros y que m\u00e1s mujeres estudien como preceptoras. Para promover m\u00e1s esto \u00faltimo, en 1876 se fund\u00f3 la primera Escuela Normal de Preceptoras en Lima.<\/p>\n\n\n\n<h3 class=\"wp-block-heading\"><img loading=\"lazy\" decoding=\"async\" width=\"30\" height=\"30\" class=\"wp-image-36\" style=\"width: 30px;\" src=\"http:\/\/test.boomerang.pe\/museo\/wp-content\/uploads\/2022\/07\/magisterio.png\" alt=\"\"> Qui\u00e9nes estudiaban<\/h3>\n\n\n\n<p>De acuerdo con lo establecido en las normas, cada concejo distrital deb\u00eda contar con una escuela para<strong> <\/strong>ni\u00f1os y para ni\u00f1as, pero no exist\u00edan tantas escuelas o, si exist\u00edan, no estaban en funcionamiento por la falta de recursos. Las<strong> <\/strong>escuelas en este periodo se manten\u00edan para un sector limitado de la sociedad, espec\u00edficamente para los ni\u00f1os, ni\u00f1as y j\u00f3venes cuyas familias contasen con los recursos econ\u00f3micos para inscribirlos o donde<strong> <\/strong>las municipalidades ten\u00edan recursos para mantener las escuelas y pagarles a los preceptores. Los sectores sociales m\u00e1s<strong> <\/strong>amplios de la nueva naci\u00f3n no acced\u00edan a las escuelas. Particularmente, la poblaci\u00f3n afrodescendiente, debido a la perduraci\u00f3n<strong> <\/strong>del sistema esclavista, y la poblaci\u00f3n ind\u00edgena, que continu\u00f3 pagando tributos ind\u00edgenas hasta 1854, tuvieron las mayores<strong> <\/strong>dificultades para acceder a la educaci\u00f3n durante este lapso de tiempo.&nbsp;<\/p>\n\n\n\n<p>Se estima que en 1875, el 47 % de los ni\u00f1os y ni\u00f1as en edad<strong> <\/strong>escolar, pod\u00edan ir a escuelas de primeras letras y a escuelas primarias (Espinoza, 2007). De acuerdo con Cisneros (1876), exist\u00edan matriculados en el departamento de Lima 14 552 estudiantes, de los cuales casi el 34% eran mujeres y 66%, varones. Sin embargo, el 36% del total de matriculados no asist\u00edan. Los estudiantes estaban repartidos en 215 escuelas, de las cuales el 57% eran municipales y las privadas representaban el 29%.&nbsp;<\/p>\n\n\n\n<h4 class=\"wp-block-heading has-text-align-center\" style=\"font-size:20px\"><strong>Tabla 2 N\u00famero de escuelas y matriculados en el Departamento de Lima<\/strong><\/h4>\n\n\n<div class=\"wp-block-image is-resized\">\n<figure class=\"aligncenter size-full\"><img loading=\"lazy\" decoding=\"async\" width=\"474\" height=\"341\" src=\"http:\/\/test.boomerang.pe\/museo\/wp-content\/uploads\/2022\/07\/resumen-General-de-las-Escuelas-del-Departamento.png\" alt=\"\" class=\"wp-image-262\" srcset=\"http:\/\/test.boomerang.pe\/museo\/wp-content\/uploads\/2022\/07\/resumen-General-de-las-Escuelas-del-Departamento.png 474w, http:\/\/test.boomerang.pe\/museo\/wp-content\/uploads\/2022\/07\/resumen-General-de-las-Escuelas-del-Departamento-300x216.png 300w\" sizes=\"auto, (max-width: 474px) 100vw, 474px\" \/><figcaption class=\"wp-element-caption\">Fuente: Cisneros, 1939 [1876], p. 753<\/figcaption><\/figure><\/div>\n\n\n<h3 class=\"wp-block-heading\">Fuentes primarias<\/h3>\n\n\n\n<ul class=\"wp-block-list\">\n<li><a href=\"https:\/\/www4.congreso.gob.pe\/dgp\/constitucion\/constituciones\/Constitucion-1856.pdf\">Convenci\u00f3n Nacional del Per\u00fa. (1856).<\/a> <em>Constituci\u00f3n de la Rep\u00fablica Peruana<\/em>.&nbsp;<\/li>\n\n\n\n<li><a href=\"https:\/\/www.leyes.congreso.gob.pe\/Documentos\/constituciones_ordenado\/CONSTIT_1860\/Cons1860_TEXTO.pdf\">Congreso de la Rep\u00fablica. (1860).<\/a> <em>Constituci\u00f3n de la Rep\u00fablica del Per\u00fa<\/em>.&nbsp;<\/li>\n\n\n\n<li><a href=\"https:\/\/www4.congreso.gob.pe\/dgp\/constitucion\/constituciones\/Constitucion-1867.pdf\">Congreso Constituyente de 1867. (1867).<\/a> <em>Constituci\u00f3n de la Rep\u00fablica del Per\u00fa<\/em>.&nbsp;<\/li>\n\n\n\n<li><a href=\"https:\/\/fuenteshistoricasdelperu.com\/2023\/08\/09\/el-recreo-1876-1877\/\">El Recreo. (1876-1877).<\/a> Cusco.&nbsp;<\/li>\n\n\n\n<li>Cisneros, L. B. (1939) [1876]. <a href=\"https:\/\/books.google.com.pe\/books?id=em0SAAAAYAAJ&amp;printsec=frontcover&amp;source=gbs_ge_summary_r&amp;cad=0#v=onepage&amp;q&amp;f=true\">Memoria y gu\u00eda estad\u00edstica de instrucci\u00f3n primaria, 1875.<\/a> En Obras completas (Vol. III, pp. 379-766). Imprenta Gil.&nbsp;<\/li>\n\n\n\n<li><a href=\"https:\/\/fuenteshistoricasdelperu.com\/2023\/08\/09\/los-colegiales-arequipa-1852\/\">Los Colegiales. (1852).<\/a> Arequipa. N\u00b0 1.&nbsp;<\/li>\n\n\n\n<li><a href=\"https:\/\/leyes.congreso.gob.pe\/Documentos\/LeyesXIX\/1850040.pdf\">Reglamento General de Instrucci\u00f3n P\u00fablica. (1850).<\/a>&nbsp;<\/li>\n\n\n\n<li><a href=\"https:\/\/leyes.congreso.gob.pe\/Documentos\/LeyesXIX\/1855033.pdf\">Reglamento General de Instrucci\u00f3n P\u00fablica. (1855).<\/a>&nbsp;<\/li>\n\n\n\n<li><a href=\"https:\/\/leyes.congreso.gob.pe\/Documentos\/LeyesXIX\/1876041.pdf\">Reglamento General de Instrucci\u00f3n P\u00fablica. (1876).<\/a>&nbsp;<\/li>\n\n\n\n<li><a href=\"https:\/\/books.google.com.pe\/books?id=5dmy8BafV1MC&amp;pg=RA1-PA172&amp;dq=%22El+Educador+Popular%22+revista&amp;hl=es&amp;sa=X&amp;ved=2ahUKEwiBy7zNidH4AhWpLbkGHcuoCO4Q6AF6BAgKEAI#v=onepage&amp;q=%22El%20Educador%20Popular%22%20revista&amp;f=true\">Revista El Educador Popular. (1873 a 1877).<\/a><\/li>\n<\/ul>\n\n\n\n<h3 class=\"wp-block-heading\">Referencias<\/h3>\n\n\n\n<ul class=\"wp-block-list\">\n<li>Ag\u00fcero Palomino, Santiago Alonso (2022). <a href=\"https:\/\/revistasinvestigacion.unmsm.edu.pe\/index.php\/ishra\/article\/view\/24584\">La reforma pol\u00edtica liberal. El Educador Popular y la pol\u00e9mica religiosa en Arequipa por su propuesta educativa (1874).<\/a> <em>ISHRA Revista del Instituto Seminario de Historia Rural Andina, <\/em>9.&nbsp;<\/li>\n\n\n\n<li>Chocano, M., y Mannarelli, M. (2013). <em>Educaci\u00f3n del ciudadano y disciplina social, 1821-1860.<\/em> Derrama Magisterial.<\/li>\n\n\n\n<li>D\u00edaz, J., Yan, E., Vargas, R., Salda\u00f1a, A. (2007). <a href=\"http:\/\/repebis.upch.edu.pe\/articulos\/acta.med.orreg\/v7n1\/a9.pdf\">Instrucci\u00f3n Superior y Educaci\u00f3n de Ciencias M\u00e9dicas en el Per\u00fa Republicano del Siglo XIX.<\/a> <em>Acta M\u00e9d. Orreguiana Hampi Runa.<\/em> 7 (1), 54-64.&nbsp;<\/li>\n\n\n\n<li>Eguren, M., Bela\u00fande de, C., &nbsp; y Gonz\u00e1lez, N. (2022). <a href=\"https:\/\/bicentenario.gob.pe\/biblioteca\/detalle-libro\/diversosydesiguales-escuelapublica\"><em>Diversos y desiguales. Doscientos a\u00f1os de escuela p\u00fablica en el Per\u00fa.<\/em><\/a> Ministerio de Cultura.&nbsp;<\/li>\n\n\n\n<li>Espinoza, A. (2011). <a href=\"https:\/\/www.scielo.cl\/pdf\/cuadhist\/n34\/art04.pdf\">Estado, comunidades locales y escuelas primaria en el Departamento de Lima, Per\u00fa (1821-1905).<\/a> <em>Cuadernos de Historia, <\/em>34, 83-108.&nbsp;<\/li>\n\n\n\n<li>Espinoza, G. (2007). <a href=\"https:\/\/repositorio.pucp.edu.pe\/index\/handle\/123456789\/122238\">Libros escolares y educaci\u00f3n primaria en la ciudad de Lima durante el siglo XIX.<\/a> <em>Hist\u00f3rica, 31<\/em>(1), 135-170.&nbsp;<\/li>\n\n\n\n<li>Espinoza, G. (2013). <em>Education and the State in Modern Peru: Primary Schooling in Lima, 1821\u20131921<\/em>. Palgrave Macmillan.<\/li>\n\n\n\n<li>Mannarelli, M. (2013).<em> Las mujeres y sus propuestas educativas, 1870-1930<\/em> (Tomo 9). Derrama Magisterial.<\/li>\n\n\n\n<li>Mc Evoy, C. (1997).<em> La utop\u00eda republicana. Ideales y realidades en la formaci\u00f3n de la cultura peruana (1871-1919)<\/em>. Fondo Editorial de la Pontificia Universidad Cat\u00f3lica del Per\u00fa.<\/li>\n\n\n\n<li>Palacios Rodr\u00edguez, R. (1983). <a href=\"https:\/\/repositorio.pucp.edu.pe\/index\/bitstream\/handle\/123456789\/192629\/5.pdf?sequence=1&amp;isAllowed=y\">El panorama educativo previo al conflicto de 1879.<\/a> Notas para un esquema. En P, Cayo, J. de la Puente, J. Garc\u00eda, M. Guerra, A. Nieto, y R. Palacios. <em>En torno a la Guerra del Pac\u00edfico<\/em> (pp<em>.<\/em>127-148). Fondo Editorial de la Pontificia Universidad Cat\u00f3lica del Per\u00fa.<\/li>\n\n\n\n<li>Silva, B. (2015). <a href=\"https:\/\/www.aacademica.org\/4jornadasinfancia\/53.pdf\">Sin educaci\u00f3n no hay sociedad e infancia: los avances de la instrucci\u00f3n primaria en el departamento de Tarapac\u00e1. Sur del Per\u00fa (1850-1879).<\/a> <em>4tas Jornadas de Estudios sobre la Infancia, Buenos Aires,<\/em> 238-256.&nbsp;<\/li>\n<\/ul>\n","protected":false},"excerpt":{"rendered":"<p>Estos a\u00f1os se caracterizaron por la relativa estabilidad econ\u00f3mica, debido al auge guanero. Por tal motivo, Ram\u00f3n Castilla, en su primera presidencia (1945-1951), tuvo la sensatez de implementar el primer presupuesto nacional y el primer Reglamento de Educaci\u00f3n (1850). Por otro lado, este periodo se caracteriz\u00f3 por el declive de los caudillos y el auge[&#8230;]<\/p>\n","protected":false},"author":2,"featured_media":97,"comment_status":"open","ping_status":"open","sticky":false,"template":"","format":"standard","meta":{"_coblocks_attr":"","_coblocks_dimensions":"","_coblocks_responsive_height":"","_coblocks_accordion_ie_support":"","footnotes":""},"categories":[6],"tags":[],"class_list":["post-63","post","type-post","status-publish","format-standard","has-post-thumbnail","hentry","category-xix"],"_links":{"self":[{"href":"http:\/\/test.boomerang.pe\/museo\/wp-json\/wp\/v2\/posts\/63","targetHints":{"allow":["GET"]}}],"collection":[{"href":"http:\/\/test.boomerang.pe\/museo\/wp-json\/wp\/v2\/posts"}],"about":[{"href":"http:\/\/test.boomerang.pe\/museo\/wp-json\/wp\/v2\/types\/post"}],"author":[{"embeddable":true,"href":"http:\/\/test.boomerang.pe\/museo\/wp-json\/wp\/v2\/users\/2"}],"replies":[{"embeddable":true,"href":"http:\/\/test.boomerang.pe\/museo\/wp-json\/wp\/v2\/comments?post=63"}],"version-history":[{"count":0,"href":"http:\/\/test.boomerang.pe\/museo\/wp-json\/wp\/v2\/posts\/63\/revisions"}],"wp:featuredmedia":[{"embeddable":true,"href":"http:\/\/test.boomerang.pe\/museo\/wp-json\/wp\/v2\/media\/97"}],"wp:attachment":[{"href":"http:\/\/test.boomerang.pe\/museo\/wp-json\/wp\/v2\/media?parent=63"}],"wp:term":[{"taxonomy":"category","embeddable":true,"href":"http:\/\/test.boomerang.pe\/museo\/wp-json\/wp\/v2\/categories?post=63"},{"taxonomy":"post_tag","embeddable":true,"href":"http:\/\/test.boomerang.pe\/museo\/wp-json\/wp\/v2\/tags?post=63"}],"curies":[{"name":"wp","href":"https:\/\/api.w.org\/{rel}","templated":true}]}}