{"id":69,"date":"2022-07-26T00:13:51","date_gmt":"2022-07-26T00:13:51","guid":{"rendered":"http:\/\/test.boomerang.pe\/museo\/?p=69"},"modified":"2024-01-22T14:53:27","modified_gmt":"2024-01-22T14:53:27","slug":"la-instruccion-para-el-progreso","status":"publish","type":"post","link":"http:\/\/test.boomerang.pe\/museo\/la-instruccion-para-el-progreso\/","title":{"rendered":"La instrucci\u00f3n para el progreso (1900-1918)"},"content":{"rendered":"\n<p><\/p>\n\n\n\n<p>Tras la debacle ocasionada por la derrota en la Guerra del Pac\u00edfico y la convulsi\u00f3n pol\u00edtica que le sigui\u00f3, la toma del gobierno por la oligarqu\u00eda del pa\u00eds dio paso a lo que Jorge Basadre denomin\u00f3 \u201cLa Rep\u00fablica Aristocr\u00e1tica\u201d, un tiempo donde las pol\u00edticas p\u00fablicas estuvieron a cargo de la \u00e9lite vinculada al Partido Civil. Bajo un efervescente clima de autocr\u00edtica fomentada por los intelectuales y el descontento popular, los funcionarios estatales intentaron plantear reformas y pol\u00edticas p\u00fablicas con la intenci\u00f3n de modernizar el pa\u00eds.<\/p>\n\n\n\n<h3 class=\"wp-block-heading\"><img loading=\"lazy\" decoding=\"async\" width=\"30\" height=\"31\" class=\"wp-image-34\" style=\"width: 30px;\" src=\"http:\/\/test.boomerang.pe\/museo\/wp-content\/uploads\/2022\/07\/concepcion.png\" alt=\"\"> <strong>La concepci\u00f3n de la escuel<\/strong>a<\/h3>\n\n\n\n<p>La escuela se va concibiendo como un lugar donde se deb\u00eda cohesionar a la poblaci\u00f3n frente a amenazas externas y divisiones internas. Adem\u00e1s, la educaci\u00f3n era fundamental para combatir el retraso intelectual, pues la ignorancia era considerada una amenaza para el progreso nacional. A ello se a\u00f1ade el \u00edmpetu militarista de la formaci\u00f3n, que se reflej\u00f3 en el \u00e9nfasis dado a la educaci\u00f3n f\u00edsica (Espinoza, 2020; Granda, 1999).&nbsp;<\/p>\n\n\n\n<p>Al asumir <a href=\"https:\/\/elperuano.pe\/noticia\/64019-jose-pardo-y-barreda\">Jos\u00e9 Pardo<\/a>, representante del Partido Civil, la presidencia en 1904, el balance del estado calamitoso de la educaci\u00f3n en el pa\u00eds que ofreci\u00f3 el <a href=\"https:\/\/books.google.com.pe\/books?id=IUGiY6BpYZgC&amp;printsec=frontcover#v=onepage&amp;q&amp;f=false\">Censo Escolar (1902)<\/a> evidenci\u00f3 la necesidad de concebir una escuela supeditada a una extensa centralizaci\u00f3n, permitiendo \u201cregenerar\u201d el sentir nacional y vincular directamente a los \u201cfuturos\u201d ciudadanos con el Estado. Esta ser\u00eda capaz de aprovechar una instrucci\u00f3n gratuita con abastecimiento de \u00fatiles y materiales escolares parcialmente subvencionados por el gobierno, quien tambi\u00e9n asumi\u00f3 la responsabilidad de fomentar la conciencia patria mediante un \u201clibro de lectura\u201d peruano (Contreras, 2014; Soifer, 2013).&nbsp;<\/p>\n\n\n\n<p>Durante estos a\u00f1os, importantes figuras intelectuales, como <a href=\"https:\/\/rpp.pe\/columnistas\/ricardoleninalfredofallacarrillo\/manuel-vicente-villaran-a-los-150-anos-de-su-nacimiento-noticia-1496977\">Manuel Vicente Villar\u00e1n<\/a>, debatieron sobre el enfoque a considerar en las pol\u00edticas educacionales. Por un lado, Villar\u00e1n consideraba importante que las clases populares y media se orientaran hacia una educaci\u00f3n democr\u00e1tica, pragm\u00e1tica y t\u00e9cnica que permitiera instruir en conocimientos \u00fatiles para el progreso, propiciando el fomento de la riqueza material; por otro lado, su maestro <a href=\"https:\/\/blog.derrama.org.pe\/y-quien-fue-alejandro-o-deustua\/?noamp=mobile\">Alejandro Deustua<\/a>, rechazaba esta visi\u00f3n del problema educativo, optando por una educaci\u00f3n de orientaci\u00f3n m\u00e1s tradicional (Castro, 2013; Mariategui,2007).<\/p>\n\n\n\n<h3 class=\"wp-block-heading\"><img loading=\"lazy\" decoding=\"async\" width=\"30\" height=\"30\" class=\"wp-image-35\" style=\"width: 30px;\" src=\"http:\/\/test.boomerang.pe\/museo\/wp-content\/uploads\/2022\/07\/infraestructura.png\" alt=\"\"> <strong>La gesti\u00f3n de las escuelas<\/strong><\/h3>\n\n\n\n<p>El gobierno de Jos\u00e9 Pardo busc\u00f3 implementar un sistema educativo altamente centralizado sin mayor injerencia de las autoridades provinciales o distritales, para lo cual se crear\u00eda una nueva burocracia profesional. Bajo un contexto de bonanza econ\u00f3mica y respaldo pol\u00edtico, el principal medio para poner el proyecto en pr\u00e1ctica fue la <a href=\"https:\/\/www.leyes.congreso.gob.pe\/Documentos\/Leyes\/00162.pdf\">Ley 162<\/a>, la cual se\u00f1alaba los l\u00edmites de la instrucci\u00f3n elemental gratuita, y ten\u00eda el fin de colocar una escuela en cada centro poblado con m\u00e1s de 200 habitantes.&nbsp;<\/p>\n\n\n\n<p>Como lo se\u00f1al\u00f3 el ministro de instrucci\u00f3n, Jorge Polar, en su discurso al Congreso (compilado en el libro <a href=\"https:\/\/repositorio.pucp.edu.pe\/index\/handle\/123456789\/183998\">Reformas de la primera ense\u00f1anza<\/a>, el objetivo principal era cerrar las brechas de clase existentes en todo el pa\u00eds para resolver los principales conflictos sociales. Esta preocupaci\u00f3n se ve reflejada en los egresos p\u00fablicos del erario entre 1900-1918, ya que el nivel de gasto suscitado tuvo un crecimiento por las nuevas pol\u00edticas educativas para el Ministerio de Justicia, Instrucci\u00f3n y Beneficencia (Portocarrero et al., 1988, p. 48).<\/p>\n\n\n\n<p>Bajo la administraci\u00f3n ministerial de <a href=\"https:\/\/repositorio.pucp.edu.pe\/index\/bitstream\/handle\/123456789\/114170\/9470-Texto%20del%20art%C3%ADculo-37453-1-10-20140718.pdf?sequence=2&amp;isAllowed=y\">Jorge Polar,<\/a> se busc\u00f3 dotar a la instrucci\u00f3n primaria de un fondo suficiente y estable para garantizar infraestructura y personal docente. Adem\u00e1s, los concejos provinciales y distritales dejaron de intervenir en el manejo de las rentas. A estas medidas se sum\u00f3 la creaci\u00f3n de la Direcci\u00f3n General de Instrucci\u00f3n Primaria, hecho que sintetizaba la centralizaci\u00f3n burocr\u00e1tica buscada por el gobierno de Pardo. Por \u00faltimo, el Estado garantizaba la gratuidad de la ense\u00f1anza y la entrega de materiales al alumnado (Espinoza, 2020; Granda, 1999).<\/p>\n\n\n\n<p>Uno de los cambios expl\u00edcitos desde 1906 fue la diferenciaci\u00f3n de dos tipos de Instrucci\u00f3n primaria: una destinada a las clases populares (de car\u00e1cter amplio y compatible con los pocos a\u00f1os que estos sectores le dedicaban a la ense\u00f1anza) y, otra, de car\u00e1cter restringido destinada a la preparaci\u00f3n de quienes seguir\u00e1n en la segunda ense\u00f1anza (Granda, 1999: 94). Esta divisi\u00f3n tambi\u00e9n se evidenci\u00f3 en la \u201ceducaci\u00f3n ind\u00edgena\u201d, la cual imprimi\u00f3 una concepci\u00f3n racializada en la expansi\u00f3n educativa peruana, pues ver\u00eda al ind\u00edgena como un buen obrero o agricultor moderno (Ccahuana, 2020; Giesecke, 2015).<\/p>\n\n\n\n<h3 class=\"wp-block-heading\"><img loading=\"lazy\" decoding=\"async\" width=\"30\" height=\"30\" class=\"wp-image-36\" style=\"width: 30px;\" src=\"http:\/\/test.boomerang.pe\/museo\/wp-content\/uploads\/2022\/07\/magisterio.png\" alt=\"\"> <strong>Qui\u00e9nes estudiaban<\/strong><\/h3>\n\n\n\n<p>En el libro de Portocarrero y Oliart (2021, p. 39), a partir de la informaci\u00f3n registrada por Carlos Wiesse en 1909, se puede apreciar ciertas caracter\u00edsticas sobre la poblaci\u00f3n escolar. En la primera tabla se evidencia el aumento progresivo de escuelas y alumnos para el nivel de primaria en la primera d\u00e9cada de ese siglo, mientras que, en la segunda, se muestra las diferencias de acceso seg\u00fan las procedencias de raza y sexo de los estudiantes, donde los varones representan aproximadamente el 60% del total de la poblaci\u00f3n escolar.<\/p>\n\n\n\n<h4 class=\"wp-block-heading has-text-align-center\" style=\"font-size:20px\"><strong>Tabla 3.&nbsp; N\u00famero de escuelas y alumnos de educaci\u00f3n primaria (1890-1907)<\/strong><\/h4>\n\n\n<div class=\"wp-block-image\">\n<figure class=\"aligncenter size-full is-resized\"><img loading=\"lazy\" decoding=\"async\" width=\"474\" height=\"119\" src=\"http:\/\/test.boomerang.pe\/museo\/wp-content\/uploads\/2023\/11\/Numero-de-EscuelasyAlumnosdeEducacionPrimaria.png\" alt=\"\" class=\"wp-image-267\" style=\"width:800px\" srcset=\"http:\/\/test.boomerang.pe\/museo\/wp-content\/uploads\/2023\/11\/Numero-de-EscuelasyAlumnosdeEducacionPrimaria.png 474w, http:\/\/test.boomerang.pe\/museo\/wp-content\/uploads\/2023\/11\/Numero-de-EscuelasyAlumnosdeEducacionPrimaria-300x75.png 300w\" sizes=\"auto, (max-width: 474px) 100vw, 474px\" \/><\/figure><\/div>\n\n\n<h4 class=\"wp-block-heading has-text-align-center\" style=\"font-size:20px\"><strong>Tabla 4. Composici\u00f3n por raza y por sexo del alumnado de instrucci\u00f3n primaria, 1907 (porcentajes)<\/strong><\/h4>\n\n\n<div class=\"wp-block-image\">\n<figure class=\"aligncenter size-full is-resized\"><img loading=\"lazy\" decoding=\"async\" width=\"478\" height=\"157\" src=\"http:\/\/test.boomerang.pe\/museo\/wp-content\/uploads\/2023\/11\/ComposicionporRaza.png\" alt=\"\" class=\"wp-image-268\" style=\"width:800px\" srcset=\"http:\/\/test.boomerang.pe\/museo\/wp-content\/uploads\/2023\/11\/ComposicionporRaza.png 478w, http:\/\/test.boomerang.pe\/museo\/wp-content\/uploads\/2023\/11\/ComposicionporRaza-300x99.png 300w\" sizes=\"auto, (max-width: 478px) 100vw, 478px\" \/><figcaption class=\"wp-element-caption\">Fuente: Portocarrero y Oliart, 2021, pp.39-40<\/figcaption><\/figure><\/div>\n\n\n<h3 class=\"wp-block-heading\">Fuentes primarias<\/h3>\n\n\n\n<ul class=\"wp-block-list\">\n<li>Byrne, J. (1914). <a href=\"https:\/\/books.google.com.pe\/books?id=tqdVAAAAYAAJ&amp;printsec=frontcover#v=onepage&amp;q&amp;f=false\"><em>Estudios sobre la instrucci\u00f3n primaria en el departamento de Lima y la provincia constitucional del Callao.<\/em>&nbsp;<\/a><\/li>\n\n\n\n<li>Direcci\u00f3n de Primera Ense\u00f1anza. (1903). <a href=\"https:\/\/books.google.com.pe\/books?id=IUGiY6BpYZgC&amp;printsec=frontcover#v=onepage&amp;q&amp;f=false\"><em>Censo escolar de la Rep\u00fablica peruana correspondiente al a\u00f1o 1902<\/em>.<\/a> Imprenta Torres Aguirre.<a href=\"https:\/\/books.google.com.pe\/books?id=IUGiY6BpYZgC&amp;printsec=frontcover#v=onepage&amp;q&amp;f=false\">&nbsp;<\/a><\/li>\n\n\n\n<li><a href=\"https:\/\/books.google.com.pe\/books?id=a7ZFAQAAMAAJ&amp;printsec=frontcover#v=onepage&amp;q&amp;f=false\"><em>El hogar y La escuela. <\/em><\/a>(1909-1910).&nbsp;<\/li>\n\n\n\n<li><a href=\"https:\/\/books.google.com.pe\/books?id=pnfsAAAAMAAJ&amp;printsec=frontcover#v=onepage&amp;q&amp;f=false\"><em>La Escuela Moderna.<\/em><\/a><em> <\/em>1911-1915.&nbsp;<\/li>\n\n\n\n<li><a href=\"https:\/\/books.google.com.ph\/books?id=2pMyAQAAMAAJ&amp;printsec=frontcover&amp;hl=es#v=onepage&amp;q&amp;f=false\"><em>La Infancia.<\/em><\/a> 1910.<a href=\"https:\/\/books.google.com.ph\/books?id=2pMyAQAAMAAJ&amp;printsec=frontcover&amp;hl=es#v=onepage&amp;q&amp;f=false\">&nbsp;<\/a><\/li>\n\n\n\n<li><a href=\"https:\/\/www.leyes.congreso.gob.pe\/Documentos\/Leyes\/00162.pdf\">Ley 162: Reforma de la instrucci\u00f3n elemental.<\/a> (1905)<a href=\"https:\/\/www.leyes.congreso.gob.pe\/Documentos\/Leyes\/00162.pdf\">&nbsp;<\/a><\/li>\n\n\n\n<li>Luna, H. (1911). <a href=\"https:\/\/books.google.com.pe\/books?id=S-xBAAAAIAAJ&amp;pg=PP3&amp;dq=educacion+peru&amp;hl=es&amp;sa=X&amp;ved=2ahUKEwi7hZS295D-AhV0GbkGHRUCBKUQ6AF6BAgJEAI#v=onepage&amp;q&amp;f=false\"><em>Cuestiones educativas<\/em>.<\/a> Tipograf\u00eda Americana.<a href=\"https:\/\/books.google.com.pe\/books?id=S-xBAAAAIAAJ&amp;pg=PP3&amp;dq=educacion+peru&amp;hl=es&amp;sa=X&amp;ved=2ahUKEwi7hZS295D-AhV0GbkGHRUCBKUQ6AF6BAgJEAI#v=onepage&amp;q&amp;f=false\">&nbsp;<\/a><\/li>\n\n\n\n<li>Ortiz de la Puente, S. (1904).<a href=\"https:\/\/books.google.com.pe\/books?id=qBlBAAAAIAAJ&amp;pg=PP3&amp;dq=educacion+peru&amp;hl=es&amp;sa=X&amp;ved=2ahUKEwi7hZS295D-AhV0GbkGHRUCBKUQ6AF6BAgIEAI#v=onepage&amp;q&amp;f=false\"> <em>Proyecto sobre educaci\u00f3n de la raza ind\u00edgena en el Per\u00fa<\/em><\/a>.<a href=\"https:\/\/books.google.com.pe\/books?id=qBlBAAAAIAAJ&amp;pg=PP3&amp;dq=educacion+peru&amp;hl=es&amp;sa=X&amp;ved=2ahUKEwi7hZS295D-AhV0GbkGHRUCBKUQ6AF6BAgIEAI#v=onepage&amp;q&amp;f=false\">&nbsp;<\/a><\/li>\n\n\n\n<li>Pardo, J. (1906). <a href=\"https:\/\/repositorio.pucp.edu.pe\/index\/handle\/123456789\/183998\"><em>Reformas de la primera ense\u00f1anza<\/em>.<\/a> Librer\u00eda Francesa y Casa Editora Galland E. Rosay.<a href=\"https:\/\/repositorio.pucp.edu.pe\/index\/handle\/123456789\/183998\">&nbsp;<\/a><\/li>\n\n\n\n<li>Fl\u00f3rez, R. (1918). <a href=\"https:\/\/books.google.com.pe\/books?id=YnAlAQAAIAAJ&amp;printsec=frontcover#v=onepage&amp;q&amp;f=false\"><em>Memoria que el ministro de Justicia, Instrucci\u00f3n, Culto y Beneficencia.<\/em><\/a><\/li>\n<\/ul>\n\n\n\n<h3 class=\"wp-block-heading\">Referencias<\/h3>\n\n\n\n<ul class=\"wp-block-list\">\n<li>Alejos, R. (2014). <a href=\"https:\/\/docta.ucm.es\/rest\/api\/core\/bitstreams\/01bd5281-876c-4d16-ae65-c7fbeced13d2\/content\"><em>Pol\u00edticas de informaci\u00f3n y documentaci\u00f3n para el desarrollo bibliotecario peruano: un plan nacional de acceso a la informaci\u00f3n y al conocimiento.<\/em><\/a><em> <\/em>[Tesis doctorado, Universidad Complutense de Madrid].<a href=\"https:\/\/docta.ucm.es\/rest\/api\/core\/bitstreams\/01bd5281-876c-4d16-ae65-c7fbeced13d2\/content\">&nbsp;<\/a><\/li>\n\n\n\n<li>Apaza, A. (2016). <a href=\"https:\/\/dialnet.unirioja.es\/servlet\/articulo?codigo=5633973\"><em>Breve historia de la educaci\u00f3n en el Per\u00fa.<\/em><\/a><em> <\/em>Revista <em>Apuntes Universitarios, VI,<\/em> (2), 111-124.<a href=\"https:\/\/dialnet.unirioja.es\/servlet\/articulo?codigo=5633973\">&nbsp;<\/a><\/li>\n\n\n\n<li>Castro, A. (2013). <em>Una educaci\u00f3n para re-crear el pa\u00eds: 1905-1930<\/em>. Derrama Magisterial.<\/li>\n\n\n\n<li>Ccahuana C\u00f3rdova, J. (2019). <a href=\"https:\/\/doi.org\/https:\/\/doi.org\/10.21678\/apuntes.86.880\">La reforma educativa de 1905: Estado, ind\u00edgenas y pol\u00edticas racializadas en la Rep\u00fablica Aristocr\u00e1tica.<\/a> <em>Apuntes. Revista De Ciencias Sociales<\/em>, <em>47<\/em>(86).<a href=\"https:\/\/doi.org\/https:\/\/doi.org\/10.21678\/apuntes.86.880\">&nbsp;<\/a><\/li>\n\n\n\n<li>Contreras, C. (1996). <a href=\"https:\/\/repositorio.iep.org.pe\/bitstream\/handle\/IEP\/852\/documentodetrabajo80.pdf?sequence=2&amp;isAllowed=y\">Maestros, mistis y campesinos en el Per\u00fa rural del siglo XX.<\/a> <em>Documento de trabajo, <\/em>80.<a href=\"https:\/\/repositorio.iep.org.pe\/bitstream\/handle\/IEP\/852\/documentodetrabajo80.pdf?sequence=2&amp;isAllowed=y\">&nbsp;<\/a><\/li>\n\n\n\n<li>Eguren, M., Bela\u00fande de, C., &nbsp; y Gonz\u00e1lez, N. (2022). <a href=\"https:\/\/bicentenario.gob.pe\/biblioteca\/detalle-libro\/diversosydesiguales-escuelapublica\"><em>Diversos y desiguales. Doscientos a\u00f1os de escuela p\u00fablica en el Per\u00fa.<\/em><\/a> Ministerio de Cultura.<a href=\"https:\/\/bicentenario.gob.pe\/biblioteca\/detalle-libro\/diversosydesiguales-escuelapublica\">&nbsp;<\/a><\/li>\n\n\n\n<li>Espinoza, G. A. (2020). <a href=\"https:\/\/doi.org\/10.18800\/historica.202002.003\">La centralizaci\u00f3n de la educaci\u00f3n p\u00fablica primaria en el Per\u00fa y sus consecuencias tempranas, 1905 a 1921.<\/a> <em>Hist\u00f3rica<\/em>, <em>44<\/em>(2), 65-105.<a href=\"https:\/\/doi.org\/10.18800\/historica.202002.003\">&nbsp;<\/a><\/li>\n\n\n\n<li>Gonzales, O. (2013). <em>Nueva escuela para una nueva Naci\u00f3n: 1919-1932<\/em>. Derrama Magisterial.<\/li>\n\n\n\n<li>Giesecke, M. (2015). <a href=\"https:\/\/cybertesis.unmsm.edu.pe\/handle\/20.500.12672\/4607\"><em>Pol\u00edtica educativa y ruralidad en el Per\u00fa: 1900 a 1930<\/em>.<\/a> <em>Tomo I-II.<\/em> [Tesis doctorado en Ciencias Sociales, Universidad Mayor Nacional de San Marcos].<a href=\"https:\/\/cybertesis.unmsm.edu.pe\/handle\/20.500.12672\/4607\">&nbsp;<\/a><\/li>\n\n\n\n<li>Granda, J. (1999). Una aproximaci\u00f3n a la historia de la educaci\u00f3n peruana. <em>Revista Ecuatoriana de Historia, <\/em>13, 89-107.&nbsp; http:\/\/hdl.handle.net\/10644\/1446<\/li>\n\n\n\n<li>Mannarelli, M. (2013). <em>Las mujeres y sus propuestas educativas: 1870-1930<\/em>. Derrama Magisterial.<\/li>\n\n\n\n<li>Mariategui,J. C.(2007) [1928]&nbsp; <em>7 Ensayos de Interpretaci\u00f3n de la Realidad Peruana.<\/em> \u00a9 Fundaci\u00f3n Biblioteca Ayacucho. https:\/\/centroderecursos.cultura.pe\/sites\/default\/files\/rb\/pdf\/mariategui_7_ensayos.pdf<\/li>\n\n\n\n<li>Portocarrero, F., Beltr\u00e1n, A., y Zimmerman, A. (1988). <a href=\"https:\/\/repositorio.up.edu.pe\/bitstream\/handle\/11354\/1182\/CI6.pdf\"><em>Inversiones p\u00fablicas en el Per\u00fa (1900-1968): Una aproximaci\u00f3n cuantitativa<\/em>.<\/a> Universidad del Pac\u00edfico.<a href=\"https:\/\/repositorio.up.edu.pe\/bitstream\/handle\/11354\/1182\/CI6.pdf\">&nbsp;<\/a><\/li>\n\n\n\n<li>Portocarrero, G. y Oliart, P.&nbsp; (2021). <a href=\"https:\/\/repositorio.up.edu.pe\/bitstream\/handle\/11354\/3266\/PortocarreroGonzalo2021.pdf?sequence=1\"><em>El Per\u00fa desde la escuela.<\/em><\/a><em> <\/em>Universidad del Pac\u00edfico.<a href=\"https:\/\/repositorio.up.edu.pe\/bitstream\/handle\/11354\/3266\/PortocarreroGonzalo2021.pdf?sequence=1\">&nbsp;<\/a><\/li>\n\n\n\n<li>Soifer, H. (2013). Elite Preferences, Administrative Institutions, and Educational Development During Peru\u2019s Aristocratic Republic 1895-1919. En M.Centeno y A. Ferraro (Eds.), <em>State and Nation Making in Latin America and Spain: Republics of the Possible<\/em>. Cambridge University Press.<\/li>\n<\/ul>\n","protected":false},"excerpt":{"rendered":"<p>Tras la debacle ocasionada por la derrota en la Guerra del Pac\u00edfico y la convulsi\u00f3n pol\u00edtica que le sigui\u00f3, la toma del gobierno por la oligarqu\u00eda del pa\u00eds dio paso a lo que Jorge Basadre denomin\u00f3 \u201cLa Rep\u00fablica Aristocr\u00e1tica\u201d, un tiempo donde las pol\u00edticas p\u00fablicas estuvieron a cargo de la \u00e9lite vinculada al Partido Civil.[&#8230;]<\/p>\n","protected":false},"author":2,"featured_media":70,"comment_status":"open","ping_status":"open","sticky":false,"template":"","format":"standard","meta":{"_coblocks_attr":"","_coblocks_dimensions":"","_coblocks_responsive_height":"","_coblocks_accordion_ie_support":"","footnotes":""},"categories":[7],"tags":[],"class_list":["post-69","post","type-post","status-publish","format-standard","has-post-thumbnail","hentry","category-siglo-xx"],"_links":{"self":[{"href":"http:\/\/test.boomerang.pe\/museo\/wp-json\/wp\/v2\/posts\/69","targetHints":{"allow":["GET"]}}],"collection":[{"href":"http:\/\/test.boomerang.pe\/museo\/wp-json\/wp\/v2\/posts"}],"about":[{"href":"http:\/\/test.boomerang.pe\/museo\/wp-json\/wp\/v2\/types\/post"}],"author":[{"embeddable":true,"href":"http:\/\/test.boomerang.pe\/museo\/wp-json\/wp\/v2\/users\/2"}],"replies":[{"embeddable":true,"href":"http:\/\/test.boomerang.pe\/museo\/wp-json\/wp\/v2\/comments?post=69"}],"version-history":[{"count":0,"href":"http:\/\/test.boomerang.pe\/museo\/wp-json\/wp\/v2\/posts\/69\/revisions"}],"wp:featuredmedia":[{"embeddable":true,"href":"http:\/\/test.boomerang.pe\/museo\/wp-json\/wp\/v2\/media\/70"}],"wp:attachment":[{"href":"http:\/\/test.boomerang.pe\/museo\/wp-json\/wp\/v2\/media?parent=69"}],"wp:term":[{"taxonomy":"category","embeddable":true,"href":"http:\/\/test.boomerang.pe\/museo\/wp-json\/wp\/v2\/categories?post=69"},{"taxonomy":"post_tag","embeddable":true,"href":"http:\/\/test.boomerang.pe\/museo\/wp-json\/wp\/v2\/tags?post=69"}],"curies":[{"name":"wp","href":"https:\/\/api.w.org\/{rel}","templated":true}]}}