{"id":72,"date":"2022-07-26T00:18:38","date_gmt":"2022-07-26T00:18:38","guid":{"rendered":"http:\/\/test.boomerang.pe\/museo\/?p=72"},"modified":"2024-01-23T14:48:54","modified_gmt":"2024-01-23T14:48:54","slug":"una-escuela-para-los-nuevos-tiempos","status":"publish","type":"post","link":"http:\/\/test.boomerang.pe\/museo\/una-escuela-para-los-nuevos-tiempos\/","title":{"rendered":"Una escuela para los nuevos tiempos (1919-1945)"},"content":{"rendered":"\n<p>Tras el golpe de estado del presidente Augusto B. Legu\u00eda en 1919, se inaugur\u00f3 un proceso donde la modernizaci\u00f3n del pa\u00eds no pudo desligarse de la participaci\u00f3n de nuevos actores pol\u00edticos (como el APRA y el Partido Comunista) y sociales, as\u00ed como de un nuevo predominio de las dictaduras militares. La apertura del pa\u00eds al capital extranjero permiti\u00f3 financiar ambiciosas reformas en los sectores productivos. Los sectores intelectuales no se mantuvieron al margen y debatieron intensamente desde las alas del indigenismo y el hispanismo sobre las mejores formas de integrar a la poblaci\u00f3n ind\u00edgena a la sociedad peruana. Gracias al dinero procedente de pr\u00e9stamos, convenios y algunos momentos de bonanza econ\u00f3mica suscitados en el per\u00edodo entreguerras y la Segunda Guerra Mundial, la expansi\u00f3n de la educaci\u00f3n p\u00fablica encontr\u00f3 un punto de apoyo importante.<\/p>\n\n\n\n<h3 class=\"wp-block-heading\"><img loading=\"lazy\" decoding=\"async\" width=\"30\" height=\"31\" class=\"wp-image-34\" style=\"width: 30px;\" src=\"http:\/\/test.boomerang.pe\/museo\/wp-content\/uploads\/2022\/07\/concepcion.png\" alt=\"\"> <strong>La concepci\u00f3n de la escuela<\/strong><\/h3>\n\n\n\n<p>Con el inicio de la segunda presidencia de Legu\u00eda, parte de los esfuerzos promovidos por los civilistas vieron su culminaci\u00f3n en la <a href=\"https:\/\/play.google.com\/books\/reader?id=RXRYAAAAYAAJ&amp;hl=es\">Ley Org\u00e1nica de Ense\u00f1anza de 1920<\/a>, un instrumento legal que reflej\u00f3 la visi\u00f3n educativa centralista y altamente burocr\u00e1tica que fue motivo de discusi\u00f3n en los a\u00f1os precedentes (Gonz\u00e1lez, 2013).&nbsp;<\/p>\n\n\n\n<p>Durante estos a\u00f1os la educaci\u00f3n ind\u00edgena adquiri\u00f3 relevancia con la creaci\u00f3n del <a href=\"https:\/\/books.google.co.cr\/books?id=F49uAAAAMAAJ&amp;pg=PA3&amp;hl=es&amp;source=gbs_toc_r&amp;cad=1#v=onepage&amp;q&amp;f=false\">Patronato de la Raza Ind\u00edgena<\/a> en 1922 por el gobierno de Legu\u00eda, manifestando una intenci\u00f3n inclusiva mayor a la de a\u00f1os anteriores. Esta inclusi\u00f3n se expres\u00f3 en la <a href=\"https:\/\/docs.peru.justia.com\/federales\/leyes\/9359-apr-1-1941.pdf\">Ley Org\u00e1nica de Educaci\u00f3n P\u00fablica N\u00b0 9359<\/a> de 1941, con art\u00edculos dedicados a las escuelas rurales y con un enfoque centrado en la castellanizaci\u00f3n del alumnado.<\/p>\n\n\n\n<p>La expansi\u00f3n escolar estuvo acompa\u00f1ada por la creaci\u00f3n de cinco tipos de escuelas, que respondieron a tipos de poblaci\u00f3n. As\u00ed, la escuela es entendida como un centro que deb\u00eda educar para estrechar la relaci\u00f3n entre esta y la comunidad, con el objetivo de iniciar un proceso de tecnificaci\u00f3n y de expansi\u00f3n de la educaci\u00f3n primaria (Alejos, 2014; Choquehuanca, 2022).&nbsp;<\/p>\n\n\n\n<p>Adem\u00e1s, no se puede dejar de lado los problemas planteados por Jos\u00e9 Carlos Mari\u00e1tegui, quien enfatiza la ausencia de un esp\u00edritu nacional en la educaci\u00f3n peruana, debido a la herencia colonial en nuestro sistema educativo, lo cual quiere decir que no existi\u00f3 un quiebre con el modelo anterior que permitiese el desarrollo de un \u201cser peruano\u201d. Para entender m\u00e1s los postulados de Mari\u00e1tegui, se debe tener claro que \u00e9l comprendi\u00f3 la educaci\u00f3n como una cuesti\u00f3n ligada al r\u00e9gimen econ\u00f3mico y social, por lo que, si los privilegios sociales se reproduc\u00edan, lo mismo suceder\u00eda en la educaci\u00f3n (Cabrera, 2012; I\u00f1o, 2015).<\/p>\n\n\n<div class=\"wp-block-image\">\n<figure class=\"aligncenter size-full\"><img loading=\"lazy\" decoding=\"async\" width=\"312\" height=\"480\" src=\"http:\/\/test.boomerang.pe\/museo\/wp-content\/uploads\/2024\/01\/Mariategui-1.jpg\" alt=\"\" class=\"wp-image-617\" srcset=\"http:\/\/test.boomerang.pe\/museo\/wp-content\/uploads\/2024\/01\/Mariategui-1.jpg 312w, http:\/\/test.boomerang.pe\/museo\/wp-content\/uploads\/2024\/01\/Mariategui-1-195x300.jpg 195w\" sizes=\"auto, (max-width: 312px) 100vw, 312px\" \/><figcaption class=\"wp-element-caption\">Jos\u00e9 Carlos Mari\u00e1tegui en su silla de ruedas tomada en octubre de 1928.&nbsp; <a href=\"http:\/\/www.mariategui.org\">Archivo Jos\u00e9 Carlos Mari\u00e1tegui.<\/a><\/figcaption><\/figure><\/div>\n\n\n<h3 class=\"wp-block-heading\"><img loading=\"lazy\" decoding=\"async\" width=\"30\" height=\"30\" class=\"wp-image-35\" style=\"width: 30px;\" src=\"http:\/\/test.boomerang.pe\/museo\/wp-content\/uploads\/2022\/07\/infraestructura.png\" alt=\"\"> <strong>La gesti\u00f3n de las escuelas<\/strong><\/h3>\n\n\n\n<p>Con la llegada de Legu\u00eda, se prioriz\u00f3 el \u00e9nfasis pragm\u00e1tico en la instrucci\u00f3n que, durante a\u00f1os, fue respaldado por pensadores positivistas como Manuel Vicente Villar\u00e1n, as\u00ed como una mayor dependencia en la influencia norteamericana para el dise\u00f1o de la educaci\u00f3n p\u00fablica. Se contrat\u00f3 a 30 pedagogos norteamericanos bajo la direcci\u00f3n del Dr. Henry Bard, quienes laboraron directamente en el Ministerio de Instrucci\u00f3n hasta la emisi\u00f3n de la <a href=\"https:\/\/docs.peru.justia.com\/federales\/leyes\/4923-feb-9-1924.pdf\">Ley Org\u00e1nica de Ense\u00f1anza de 1924<\/a>.&nbsp;<\/p>\n\n\n\n<p>Durante estos a\u00f1os, la calidad de los \u201cpreceptores\u201d-otra forma de nombrar a los docentes- tambi\u00e9n vino en declive, ya que, si bien se busc\u00f3 descentralizar las Escuelas Normales en 1928 hacia ciertas capitales departamentales, no necesariamente signific\u00f3 mantener la calidad con la que se inici\u00f3 durante el gobierno civilista.<\/p>\n\n\n\n<p>La gesti\u00f3n educativa en este periodo dio un giro importante con la creaci\u00f3n del Ministerio de Educaci\u00f3n en 1935 con la <a href=\"https:\/\/leyes.congreso.gob.pe\/Documentos\/Leyes\/08124.pdf\">Ley N\u00b0 8124.<\/a> A\u00f1os despu\u00e9s, en 1941, con la <a href=\"https:\/\/docs.peru.justia.com\/federales\/leyes\/9359-apr-1-1941.pdf\">Ley Org\u00e1nica de la Educaci\u00f3n P\u00fablica N\u00b0 9359<\/a> se cre\u00f3 una entidad central en la organizaci\u00f3n del sistema educativo estatal: el Consejo Nacional de la Educaci\u00f3n. Por otro lado, esta ley fue m\u00e1s all\u00e1 y estableci\u00f3 las responsabilidades de los directores, profesores, del personal administrativo, pero, sobre todo dedic\u00f3 diversos cap\u00edtulos a los bienes escolares, su administraci\u00f3n y al presupuesto.<\/p>\n\n\n<div class=\"wp-block-image\">\n<figure class=\"aligncenter size-full\"><img loading=\"lazy\" decoding=\"async\" width=\"600\" height=\"331\" src=\"http:\/\/test.boomerang.pe\/museo\/wp-content\/uploads\/2024\/01\/Riva-Aguero-1.jpg\" alt=\"\" class=\"wp-image-618\" srcset=\"http:\/\/test.boomerang.pe\/museo\/wp-content\/uploads\/2024\/01\/Riva-Aguero-1.jpg 600w, http:\/\/test.boomerang.pe\/museo\/wp-content\/uploads\/2024\/01\/Riva-Aguero-1-300x166.jpg 300w\" sizes=\"auto, (max-width: 600px) 100vw, 600px\" \/><figcaption class=\"wp-element-caption\">Jos\u00e9 de la Riva Ag\u00fcero juramenta como Ministro de Justicia, Culto e Instrucci\u00f3n ante el gobierno del General \u00d3scar R. Benavides (1933).<br>Fuente: Archivo Instituto Riva Ag\u00fcero IRA &#8211; PUCP<\/figcaption><\/figure><\/div>\n\n\n<h3 class=\"wp-block-heading\"><img loading=\"lazy\" decoding=\"async\" width=\"30\" height=\"30\" class=\"wp-image-36\" style=\"width: 30px;\" src=\"http:\/\/test.boomerang.pe\/museo\/wp-content\/uploads\/2022\/07\/magisterio.png\" alt=\"\"> <strong>Qui\u00e9nes estudiaban<\/strong><\/h3>\n\n\n\n<p>Es de notar que el crecimiento de ni\u00f1os en edad escolar durante las primeras d\u00e9cadas del siglo XX fue bastante modesto. Entre 1902 y 1940, el porcentaje de ni\u00f1os entre 6 y&nbsp;14 a\u00f1os solo creci\u00f3 del 29% al 35%, manteniendo un progreso bastante bajo en departamentos donde se hab\u00edan logrado incrementos importantes. En el Sur, Puno tuvo la peor cobertura durante este per\u00edodo, donde incluso se retrocedi\u00f3 de 14% hasta el 11,8%. Otros casos tambi\u00e9n resultaron llamativos, como el de Cusco, donde se mantuvo el porcentaje con 18,5% en 38 a\u00f1os. As\u00ed, diez departamentos en los Andes ten\u00edan un promedio de participaci\u00f3n escolar de este grupo de ni\u00f1os de 24% en 1940, un ligero crecimiento en comparaci\u00f3n con el 21% de 1902, algo que distaba del rendimiento de los departamentos en la Costa, donde se pas\u00f3 del 37% al 49% (Contreras, 2014).<\/p>\n\n\n\n<h3 class=\"wp-block-heading\">Fuentes primarias<\/h3>\n\n\n\n<ul class=\"wp-block-list\">\n<li><a href=\"https:\/\/www.leyes.congreso.gob.pe\/Documentos\/constituciones_ordenado\/CONSTIT_1920\/Cons1920_TEXTO.pdf\">Asamblea Nacional.<\/a> (1920). <em>Constituci\u00f3n para la Rep\u00fablica del Per\u00fa<\/em>.&nbsp;<\/li>\n\n\n\n<li><a href=\"https:\/\/www4.congreso.gob.pe\/dgp\/constitucion\/constituciones\/Constitucion-1933.pdf\">Congreso Constituyente de 1931.<\/a> (1933). Constituci\u00f3n Pol\u00edtica del Per\u00fa.&nbsp;<\/li>\n\n\n\n<li><a href=\"https:\/\/docs.peru.justia.com\/federales\/leyes\/4923-feb-9-1924.pdf\">Ley N 4923.<\/a>&nbsp; Organizaci\u00f3n del Consejo Nacional de Ense\u00f1anza (1924)&nbsp;<\/li>\n\n\n\n<li><a href=\"https:\/\/leyes.congreso.gob.pe\/Documentos\/Leyes\/08124.pdf\">Ley N\u00b0 8124.<\/a> Ley de Creaci\u00f3n del Ministerio de Educaci\u00f3n P\u00fablica (1935)&nbsp;<\/li>\n\n\n\n<li><a href=\"https:\/\/docs.peru.justia.com\/federales\/leyes\/9359-apr-1-1941.pdf\">Ley N\u00b0 9359.<\/a> Ley Org\u00e1nica de la Educaci\u00f3n P\u00fablica (1941)&nbsp;<\/li>\n\n\n\n<li>Ministerio de Hacienda (1942). <a href=\"https:\/\/dds.crl.edu\/crldelivery\/18810\"><em>Estado de la instrucci\u00f3n en el Per\u00fa seg\u00fan el censo nacional de 1940.<\/em><\/a><em>&nbsp;<\/em><\/li>\n\n\n\n<li>Osores, A. (1919). <a href=\"https:\/\/books.google.com.pe\/books?id=ttutaPQ1tWYC&amp;printsec=frontcover#v=onepage&amp;q&amp;f=false\"><em>Memoria de Ministro de Instrucci\u00f3n Culto y Beneficencia.<\/em><\/a><em>&nbsp;<\/em><\/li>\n\n\n\n<li>Giesecke, A. (1925). <a href=\"https:\/\/dds.crl.edu\/crldelivery\/19574\"><em>Memoria que presenta al Sr. Ministro de Instrucci\u00f3n el Director General de Ense\u00f1anza, Dr. Alberto Giesecke, en cumplimiento de lo dispuesto por el inciso 15 del art\u00edculo 24 de la Ley Org\u00e1nica de Ense\u00f1anza de 1924<\/em>.<\/a> Editorial Garcilaso.&nbsp;<\/li>\n\n\n\n<li><a href=\"https:\/\/books.google.com.pe\/books?id=06YpAQAAMAAJ&amp;printsec=frontcover&amp;dq=inauthor:%22Lima+(Peru)+Instituto+Psicopedag%C3%B3gico+Nacional%22&amp;hl=es&amp;sa=X&amp;redir_esc=y#v=onepage&amp;q&amp;f=false\">Instituto Psicopedag\u00f3gico Nacional<\/a> (1942). <em>Bolet\u00edn<\/em>, no. 1. Apartado N\u00b0 636.<\/li>\n<\/ul>\n\n\n\n<h3 class=\"wp-block-heading\">Referencias<\/h3>\n\n\n\n<ul class=\"wp-block-list\">\n<li>Alejos, R. (2014). <a href=\"https:\/\/docta.ucm.es\/rest\/api\/core\/bitstreams\/01bd5281-876c-4d16-ae65-c7fbeced13d2\/content\"><em>Pol\u00edticas de informaci\u00f3n y documentaci\u00f3n para el desarrollo bibliotecario peruano: un plan nacional de acceso a la informaci\u00f3n y al conocimiento.<\/em><\/a><em> <\/em>[Tesis doctorado, Universidad Complutense de Madrid]<a href=\"https:\/\/docta.ucm.es\/rest\/api\/core\/bitstreams\/01bd5281-876c-4d16-ae65-c7fbeced13d2\/content\">&nbsp;<\/a><\/li>\n\n\n\n<li>Apaza, A. (2016). <a href=\"https:\/\/dialnet.unirioja.es\/servlet\/articulo?codigo=5633973\">Breve historia de la educaci\u00f3n en el Per\u00fa<em>.<\/em><\/a><em> Revista Apuntes Universitarios<\/em>, VI, (2), 111-124.<a href=\"https:\/\/dialnet.unirioja.es\/servlet\/articulo?codigo=5633973\">&nbsp;<\/a><\/li>\n\n\n\n<li>Candela, E. (2013). <em>El r\u00e9gimen de \u00d3scar Benavides (1933-1939) \u00bfuna experiencia populista? Definiciones y nuevos planteamientos en torno a su accionar pol\u00edtico.<\/em> Tesis de maestr\u00eda en historia, Pontificia Universidad Cat\u00f3lica del Per\u00fa.<\/li>\n\n\n\n<li>Cabrera, G. (2012). <a href=\"https:\/\/www.redalyc.org\/pdf\/659\/65926546005.pdf\">Mari\u00e1tegui y la educaci\u00f3n indoamericana.<\/a> <em>Revista de Pedagog\u00eda, <\/em>33 (92), 303-318.<a href=\"https:\/\/www.redalyc.org\/pdf\/659\/65926546005.pdf\">&nbsp;<\/a><\/li>\n\n\n\n<li>Castro, A. (2013). <em>Una educaci\u00f3n para re-crear el pa\u00eds: 1905-1930<\/em>. Derrama Magisterial.<\/li>\n\n\n\n<li>Ccahuana, J. (2017). <a href=\"https:\/\/tesis.pucp.edu.pe\/repositorio\/handle\/20.500.12404\/9877\"><em>Buscando una ciudadan\u00eda propia: ind\u00edgenas y estado durante el Oncenio (1919-1930)<\/em>.<\/a> [Tesis de maestr\u00eda en historia, Pontificia Universidad Cat\u00f3lica del Per\u00fa].<a href=\"https:\/\/tesis.pucp.edu.pe\/repositorio\/handle\/20.500.12404\/9877\">&nbsp;<\/a><\/li>\n\n\n\n<li>Contreras, C. (2014). <a href=\"https:\/\/centroderecursos.cultura.pe\/sites\/default\/files\/rb\/pdf\/ModernidadyeducacionenelPeru.pdf\">Maestros, mistis y campesinos en el Per\u00fa rural del siglo XX.<\/a> En C. Contreras y P. Oliart (Eds.), <em>Modernidad y educaci\u00f3n en el Per\u00fa<\/em> (pp.12-81). Ministerio de Cultura.<a href=\"https:\/\/centroderecursos.cultura.pe\/sites\/default\/files\/rb\/pdf\/ModernidadyeducacionenelPeru.pdf\">&nbsp;<\/a><\/li>\n\n\n\n<li>Colquehuanca-Usedo, I., y Ortiz del Carpio, J. A. (2022). <a href=\"https:\/\/doi.org\/10.35622\/j.rr.2022.010.007\">Reformas educativas en el Sur: la educaci\u00f3n de la mujer pune\u00f1a entre 1850 y 1941.<\/a> <em>Revista Revoluciones<\/em>, <em>4<\/em>(10), 76\u201398.<a href=\"https:\/\/doi.org\/10.35622\/j.rr.2022.010.007\">&nbsp;<\/a><\/li>\n\n\n\n<li>Dagicour, O. (2016). <a href=\"https:\/\/journals.openedition.org\/caravelle\/1954\">Construir el Estado, forjar una naci\u00f3n. La \u00abnueva geograf\u00eda\u00bb y su ense\u00f1anza en el Per\u00fa del Presidente Legu\u00eda (1919-1930)\u201d<\/a>. <em>Caravelle<\/em>,106, 79-96.<a href=\"https:\/\/journals.openedition.org\/caravelle\/1954\">&nbsp;<\/a><\/li>\n\n\n\n<li>De la Vega, A. (2013). <a href=\"https:\/\/revistas.pucp.edu.pe\/index.php\/summa_humanitatis\/article\/view\/7485\">La producci\u00f3n y difusi\u00f3n del conocimiento. El caso del Bolet\u00edn del Instituto Psicopedag\u00f3gico Nacional<\/a> (1942-1953). <em>Summa Humanitatis<\/em>, 6 (2),23-46.<a href=\"https:\/\/revistas.pucp.edu.pe\/index.php\/summa_humanitatis\/article\/view\/7485\">&nbsp;<\/a><\/li>\n\n\n\n<li>Eguren, M., Bela\u00fande de, C., &nbsp; y Gonz\u00e1lez, N. (2022). <a href=\"https:\/\/bicentenario.gob.pe\/biblioteca\/detalle-libro\/diversosydesiguales-escuelapublica\"><em>Diversos y desiguales. Doscientos a\u00f1os de escuela p\u00fablica en el Per\u00fa.<\/em><\/a> Ministerio de Cultura.<a href=\"https:\/\/bicentenario.gob.pe\/biblioteca\/detalle-libro\/diversosydesiguales-escuelapublica\">&nbsp;<\/a><\/li>\n\n\n\n<li>Espinoza, G. A. (2020). <a href=\"https:\/\/doi.org\/10.18800\/historica.202002.003\">La centralizaci\u00f3n de la educaci\u00f3n p\u00fablica primaria en el Per\u00fa y sus consecuencias tempranas, 1905 a 1921.<\/a> <em>Hist\u00f3rica<\/em>, <em>44<\/em>(2), 65-105.<a href=\"https:\/\/doi.org\/10.18800\/historica.202002.003\">&nbsp;<\/a><\/li>\n\n\n\n<li>Garc\u00eda-Segura, S. (2017). <a href=\"http:\/\/scielo.iics.una.py\/pdf\/riics\/v13n2\/2226-4000-riics-13-02-00289.pdf\">La diversidad cultural y el dise\u00f1o de pol\u00edticas educativas en Per\u00fa.<\/a> <em>An\u00e1lisis, <\/em>12 (2), 289-204.<a href=\"http:\/\/scielo.iics.una.py\/pdf\/riics\/v13n2\/2226-4000-riics-13-02-00289.pdf\">&nbsp;<\/a><\/li>\n\n\n\n<li>Giesecke, M. 2015. <a href=\"https:\/\/cybertesis.unmsm.edu.pe\/handle\/20.500.12672\/4607\"><em>Pol\u00edtica educativa y ruralidad en el Per\u00fa: 1900 a 1930<\/em>. <\/a><em>Tomo I-II.<\/em> Tesis para optar el grado acad\u00e9mico de doctor en Ciencias Sociales. Universidad Mayor Nacional de San Marcos.<a href=\"https:\/\/cybertesis.unmsm.edu.pe\/handle\/20.500.12672\/4607\">&nbsp;<\/a><\/li>\n\n\n\n<li>Gonzales, O. (2013). <em>Nueva escuela para una nueva Naci\u00f3n: 1919-1932<\/em>. Derrama Magisterial.<\/li>\n\n\n\n<li>Granda, J. (1999). <a href=\"http:\/\/hdl.handle.net\/10644\/1446\">Una aproximaci\u00f3n a la historia de la educaci\u00f3n peruana.<\/a> <em>Revista Ecuatoriana de Historia, <\/em>13, 89-107.<a href=\"http:\/\/hdl.handle.net\/10644\/1446\">&nbsp;<\/a><\/li>\n\n\n\n<li>I\u00f1o, W.G. (2015). <a href=\"http:\/\/www.scielo.org.bo\/pdf\/rieiii\/v8n2\/v8n2_a11.pdf\">Posturas y proposiciones de una \u201ceducaci\u00f3n propia\u201d a principios del siglo XX: Franz Tamayo y Jos\u00e9 Carlos Mari\u00e1tegui.<\/a> <em>Revista Integra Educativa, <\/em>8 (2), 176-194.<a href=\"http:\/\/www.scielo.org.bo\/pdf\/rieiii\/v8n2\/v8n2_a11.pdf\">&nbsp;<\/a><\/li>\n\n\n\n<li>Mannarelli, M. (2013). <em>Las mujeres y sus propuestas educativas: 1870-1930<\/em>. Derrama Magisterial.<\/li>\n\n\n\n<li>Paulston, R. (1971). <a href=\"https:\/\/www.sciencedirect.com\/book\/9780080164281\/society-schools-and-progress-in-peru\"><em>Society, Schools and Progress in Peru<\/em>.<\/a> Pergamon Printing.<a href=\"https:\/\/www.sciencedirect.com\/book\/9780080164281\/society-schools-and-progress-in-peru\">&nbsp;<\/a><\/li>\n\n\n\n<li>Portocarrero, F., Beltr\u00e1n, A., y Zimmerman, A. (1988). <a href=\"https:\/\/repositorio.up.edu.pe\/bitstream\/handle\/11354\/1182\/CI6.pdf\"><em>Inversiones p\u00fablicas en el Per\u00fa (1900-1968): Una aproximaci\u00f3n cuantitativa<\/em>.<\/a> Universidad del Pac\u00edfico.<a href=\"https:\/\/repositorio.up.edu.pe\/bitstream\/handle\/11354\/1182\/CI6.pdf\"><\/a><\/li>\n<\/ul>\n\n\n\n<p><\/p>\n","protected":false},"excerpt":{"rendered":"<p>Tras el golpe de estado del presidente Augusto B. Legu\u00eda en 1919, se inaugur\u00f3 un proceso donde la modernizaci\u00f3n del pa\u00eds no pudo desligarse de la participaci\u00f3n de nuevos actores pol\u00edticos (como el APRA y el Partido Comunista) y sociales, as\u00ed como de un nuevo predominio de las dictaduras militares. La apertura del pa\u00eds al[&#8230;]<\/p>\n","protected":false},"author":1,"featured_media":205,"comment_status":"open","ping_status":"open","sticky":false,"template":"","format":"standard","meta":{"_coblocks_attr":"","_coblocks_dimensions":"","_coblocks_responsive_height":"","_coblocks_accordion_ie_support":"","footnotes":""},"categories":[7],"tags":[],"class_list":["post-72","post","type-post","status-publish","format-standard","has-post-thumbnail","hentry","category-siglo-xx"],"_links":{"self":[{"href":"http:\/\/test.boomerang.pe\/museo\/wp-json\/wp\/v2\/posts\/72","targetHints":{"allow":["GET"]}}],"collection":[{"href":"http:\/\/test.boomerang.pe\/museo\/wp-json\/wp\/v2\/posts"}],"about":[{"href":"http:\/\/test.boomerang.pe\/museo\/wp-json\/wp\/v2\/types\/post"}],"author":[{"embeddable":true,"href":"http:\/\/test.boomerang.pe\/museo\/wp-json\/wp\/v2\/users\/1"}],"replies":[{"embeddable":true,"href":"http:\/\/test.boomerang.pe\/museo\/wp-json\/wp\/v2\/comments?post=72"}],"version-history":[{"count":0,"href":"http:\/\/test.boomerang.pe\/museo\/wp-json\/wp\/v2\/posts\/72\/revisions"}],"wp:featuredmedia":[{"embeddable":true,"href":"http:\/\/test.boomerang.pe\/museo\/wp-json\/wp\/v2\/media\/205"}],"wp:attachment":[{"href":"http:\/\/test.boomerang.pe\/museo\/wp-json\/wp\/v2\/media?parent=72"}],"wp:term":[{"taxonomy":"category","embeddable":true,"href":"http:\/\/test.boomerang.pe\/museo\/wp-json\/wp\/v2\/categories?post=72"},{"taxonomy":"post_tag","embeddable":true,"href":"http:\/\/test.boomerang.pe\/museo\/wp-json\/wp\/v2\/tags?post=72"}],"curies":[{"name":"wp","href":"https:\/\/api.w.org\/{rel}","templated":true}]}}