{"id":75,"date":"2022-07-26T00:20:41","date_gmt":"2022-07-26T00:20:41","guid":{"rendered":"http:\/\/test.boomerang.pe\/museo\/?p=75"},"modified":"2024-01-23T14:50:23","modified_gmt":"2024-01-23T14:50:23","slug":"escuelas-publicas-para-mas-peruanos","status":"publish","type":"post","link":"http:\/\/test.boomerang.pe\/museo\/escuelas-publicas-para-mas-peruanos\/","title":{"rendered":"Escuelas p\u00fablicas para m\u00e1s peruanos (1946-1967)"},"content":{"rendered":"\n<p><\/p>\n\n\n\n<p>Tras el fin de la Segunda Guerra Mundial, el pa\u00eds recibi\u00f3 vientos reformistas tras la elecci\u00f3n de Jos\u00e9 Luis Bustamante y Rivero (1945-1948), bajo la promesa de una mayor apertura pol\u00edtica y la democratizaci\u00f3n de las instituciones. Sin embargo, los conflictos con el APRA plagaron su administraci\u00f3n de trabas e intentos fallidos por solventar la crisis de la postguerra mundial, generando un enorme descontento que devino en una nueva dictadura militar. Durante el Ochenio del General Manuel Odr\u00eda (1948-1956), se aprovech\u00f3 la favorable coyuntura econ\u00f3mica internacional para financiar obras p\u00fablicas y pol\u00edticas populistas, aunque eventualmente el desgaste pol\u00edtico del r\u00e9gimen forz\u00f3 el retorno a la democracia en 1956. En los a\u00f1os que siguieron, entre un presidente y una Junta Militar, las prioridades del gobierno fluctuaron en mantener el <em>status quo<\/em> con la oligarqu\u00eda agroexportadora y hacer frente a la pobreza. Con la llegada de Fernando Bela\u00fande Terry a la presidencia, pocos problemas estructurales se hab\u00edan resuelto, y la implementaci\u00f3n de nuevas reformas se vio estancada por una lenta expansi\u00f3n de la econom\u00eda en la d\u00e9cada de 1960 y las contradicciones de las \u00e9lites pol\u00edticas.<\/p>\n\n\n\n<h3 class=\"wp-block-heading\"><img loading=\"lazy\" decoding=\"async\" width=\"30\" height=\"31\" class=\"wp-image-34\" style=\"width: 30px;\" src=\"http:\/\/test.boomerang.pe\/museo\/wp-content\/uploads\/2022\/07\/concepcion.png\" alt=\"\"> <strong>La concepci\u00f3n de la escuela<\/strong><\/h3>\n\n\n\n<p>Se pueden advertir diferentes concepciones sobre la escuela durante este periodo desde las \u00e9lites gobernantes. As\u00ed, durante el gobierno civil de&nbsp;<a href=\"https:\/\/es.wikipedia.org\/wiki\/Jos%C3%A9_Luis_Bustamante_y_Rivero\">Jos\u00e9 Luis Bustamante y Rivero<\/a>&nbsp;se desarroll\u00f3 una concepci\u00f3n influenciada por sectores indigenistas, que conceb\u00edan la importancia de las lenguas vernaculares, como el quechua, para el proceso educativo, y que se deb\u00eda alfabetizar en esa lengua, no solo por ser m\u00e1s eficaz sino tambi\u00e9n por la valoraci\u00f3n del mundo andino. Jos\u00e9 Mar\u00eda Arguedas, Luis Eduardo Valc\u00e1rcel y Jos\u00e9 Antonio Encinas fueron, entre otros, los personajes m\u00e1s visibles de esta corriente cultural que lleg\u00f3 a cargos p\u00fablicos en el sector educaci\u00f3n. Este enfoque mostraba una diferenciaci\u00f3n importante respecto a concepciones previas que hab\u00edan influido en las pol\u00edticas escolares, como las pol\u00edticas civilistas de las primeras d\u00e9cadas del siglo, y que m\u00e1s bien asum\u00edan la escuela como parte del proceso de castellanizaci\u00f3n y civilizaci\u00f3n de los sectores ind\u00edgenas, con una menor consideraci\u00f3n por las tradiciones culturales.<\/p>\n\n\n<div class=\"wp-block-image\">\n<figure class=\"aligncenter size-full\"><img loading=\"lazy\" decoding=\"async\" width=\"600\" height=\"398\" src=\"http:\/\/test.boomerang.pe\/museo\/wp-content\/uploads\/2024\/01\/Valcarcel-1.jpg\" alt=\"\" class=\"wp-image-620\" srcset=\"http:\/\/test.boomerang.pe\/museo\/wp-content\/uploads\/2024\/01\/Valcarcel-1.jpg 600w, http:\/\/test.boomerang.pe\/museo\/wp-content\/uploads\/2024\/01\/Valcarcel-1-300x199.jpg 300w\" sizes=\"auto, (max-width: 600px) 100vw, 600px\" \/><figcaption class=\"wp-element-caption\">Luis E. Valc\u00e1rcel juramenta como Ministro de Educaci\u00f3n (1945-1947) del presidente Jos\u00e9 Luis Bustamante y Rivero<br>Fuente: <a href=\"https:\/\/centroluisevalcarcel.com\/biografia\/\">Centro y Archivo Luis E. Valc\u00e1rcel.<\/a><\/figcaption><\/figure><\/div>\n\n\n<p>En general, desde ciertas \u00e9lites gobernantes prim\u00f3 una visi\u00f3n de la escuela como un medio para el fomento de la cultura, la identidad nacional (\u201ceducaci\u00f3n peruanista\u201d), y la moralidad, inspirada exclusivamente en la moral cristiana, como se puede leer en el <a href=\"https:\/\/ia-petabox.archive.org\/details\/ministerio-de-educacion-publica-1950-plan-de-educacion-nacional\/page\/n7\/mode\/2up\">Plan Nacional de Educaci\u00f3n de 1950<\/a>, promovido por el gobierno del Gral. Odr\u00eda. Otra caracter\u00edstica conceptual importante es que este plan evidenci\u00f3 un enfoque planificador para el desarrollo escolar sustentado en diagn\u00f3sticos espec\u00edficos de diversos aspectos de la realidad educativa.<\/p>\n\n\n\n<p>Se puede destacar, en este periodo, una percepci\u00f3n sobre la escuela cada vez m\u00e1s compleja desde la valoraci\u00f3n de las familias de origen campesino y de parte de la oligarqu\u00eda rural. Para las familias hab\u00eda una expectativa positiva por el acceso a la escuela que justificaba el env\u00edo de sus hijos, sobre todo varones, a las capitales de provincia o departamento para seguir con sus estudios; pero tambi\u00e9n hab\u00eda cuestionamientos a la pol\u00edtica de ense\u00f1anza en quechua porque retrasaba el dominio del castellano. Por otro lado, desde las percepciones de los terratenientes, la escuela era concebida como un riesgo por las posibilidades de perder el poder sobre una poblaci\u00f3n analfabeta (Contreras, 2014; Oliart, 2014).<\/p>\n\n\n\n<h3 class=\"wp-block-heading\"><img loading=\"lazy\" decoding=\"async\" width=\"30\" height=\"30\" class=\"wp-image-35\" style=\"width: 30px;\" src=\"http:\/\/test.boomerang.pe\/museo\/wp-content\/uploads\/2022\/07\/infraestructura.png\" alt=\"\"> <strong>La gesti\u00f3n de las escuelas<\/strong><\/h3>\n\n\n\n<p>Durante este tiempo hubo un \u00e9nfasis en la expansi\u00f3n de las escuelas p\u00fablicas; as\u00ed, durante el gobierno de Manuel Prado, el ministro de educaci\u00f3n,<a href=\"https:\/\/www.bnp.gob.pe\/jorge-basadre-grohmann-a-117-anos-de-su-nacimiento\/\"> Jorge Basadre<\/a> declar\u00f3 que se proceder\u00eda con la creaci\u00f3n de las <em>Juntas Provinciales de Construcciones Escolares<\/em>, las cuales seguir\u00edan una pol\u00edtica constructiva \u201cdesde abajo\u201d, al corresponder a los reclamos distritales para satisfacer la demanda educativa. Posterior al gobierno de Prado, durante la permanencia de la Junta Militar, la situaci\u00f3n educativa requer\u00eda tal nivel de reforma que en un <a href=\"https:\/\/books.google.com.pe\/books?id=UXYQAAAAYAAJ&amp;printsec=frontcover&amp;hl=es#v=onepage&amp;q&amp;f=false\">informe<\/a> emitido por el ministerio planteaba que el Estado se compromet\u00eda con aplanar las enormes desigualdades en la asignaci\u00f3n de subvenciones educativas a las provincias, y economizar y vigilar la construcci\u00f3n de planteles escolares.<\/p>\n\n\n<div class=\"wp-block-image\">\n<figure class=\"aligncenter size-full\"><img loading=\"lazy\" decoding=\"async\" width=\"600\" height=\"826\" src=\"http:\/\/test.boomerang.pe\/museo\/wp-content\/uploads\/2024\/01\/basadre-1.jpg\" alt=\"\" class=\"wp-image-622\" srcset=\"http:\/\/test.boomerang.pe\/museo\/wp-content\/uploads\/2024\/01\/basadre-1.jpg 600w, http:\/\/test.boomerang.pe\/museo\/wp-content\/uploads\/2024\/01\/basadre-1-218x300.jpg 218w\" sizes=\"auto, (max-width: 600px) 100vw, 600px\" \/><figcaption class=\"wp-element-caption\">Jorge Basadre, Ministro de Educaci\u00f3n en dos periodos (1945 y 1956-1958). Foto en portada de Bolet\u00edn del Tutor del Colegio Nuestra Se\u00f1ora de Guadalupe.<br>Fuente: Biblioteca Nacional del Per\u00fa BNP. \/ Hemeroteca.<\/figcaption><\/figure><\/div>\n\n\n<p>Por otro lado, entre 1945 y 1967, el crecimiento del presupuesto p\u00fablico destinado al Ministerio de Educaci\u00f3n vio los cambios m\u00e1s grandes que se hab\u00edan registrado hasta el momento. No s\u00f3lo increment\u00f3 en poco m\u00e1s de un 4% entre 1945 y 1946, sino que, en los a\u00f1os restantes, creci\u00f3 en un impresionante 12,12% (Portocarrero et al., 1988). Si consideramos que el crecimiento del porcentaje asignado a educaci\u00f3n fue sostenido, es posible, entonces, comprender las condiciones positivas para financiar econ\u00f3micamente las reformas educativas del per\u00edodo, las cuales posibilitaron una expansi\u00f3n masiva de la educaci\u00f3n p\u00fablica.<\/p>\n\n\n\n<p>Un aspecto que destacar en este periodo es el Plan Nacional de la Educaci\u00f3n de 1950, lanzado durante el gobierno del Gral. Odr\u00eda, el cual tuvo como efecto inmediato la creaci\u00f3n de 55 Grandes Unidades Escolares y la aparici\u00f3n de colegios secundarios militares. Fueron a\u00f1os donde el foco fue mayor en la infraestructura escolar. A pesar de ello, la educaci\u00f3n primaria fue entendida como la primeria l\u00ednea de lucha contra el analfabetismo, mientras la secundaria deb\u00eda funcionar como un centro de orientaci\u00f3n prevocacional en v\u00ednculo con la realidad social, econ\u00f3mica y geogr\u00e1fica del pa\u00eds. El Plan de 1950 marc\u00f3 una pauta a mitad de siglo, pues, de manera integral, consider\u00f3 diversos tipos de educaci\u00f3n que siguieron una l\u00ednea iniciada en siglo XIX: educar en la moral cristiana y en el peruanismo. La diferencia radica en una gesti\u00f3n m\u00e1s abarcadora que involucr\u00f3 la organizaci\u00f3n docente y el m\u00e9todo de ense\u00f1anza, as\u00ed como fij\u00f3 rentas b\u00e1sicas, entre otros aspectos.<\/p>\n\n\n\n<p>Posteriormente, a partir de mediados de la d\u00e9cada de 1960, la presencia de la Iglesia Cat\u00f3lica en la gesti\u00f3n escolar se abri\u00f3 a otras experiencias emergentes, m\u00e1s all\u00e1 de escuelas privadas o algunas p\u00fablicas. As\u00ed, llegaron al pa\u00eds las <a href=\"https:\/\/feyalegria.org.pe\/nuestra-historia\/\">escuelas<em> \u201cFe y Alegr\u00eda\u201d<\/em> <\/a>en los llamados \u201cpueblos j\u00f3venes\u201d peruanos situados en emergentes zonas urbano-marginales de la ciudad, impulsados por el movimiento jesuita, donde radicaban las crecientes poblaciones de migrantes (Paulston, 1971).<\/p>\n\n\n\n<h3 class=\"wp-block-heading\"><img loading=\"lazy\" decoding=\"async\" width=\"30\" height=\"30\" class=\"wp-image-36\" style=\"width: 30px;\" src=\"http:\/\/test.boomerang.pe\/museo\/wp-content\/uploads\/2022\/07\/magisterio.png\" alt=\"\"> <strong>Qui\u00e9nes estudiaban<\/strong><\/h3>\n\n\n\n<p>El pa\u00eds vio cambios importantes en la accesibilidad a cada uno de los sectores educativos a mediados del siglo XX. Aunque muchas personas de modestos recursos eran capaces de acceder a grados superiores de instrucci\u00f3n, la falta de profundidad en las reformas no permiti\u00f3 vincular la expansi\u00f3n educativa con la reivindicaci\u00f3n de los derechos sociales del campesinado en medio del convulso contexto rural de las d\u00e9cadas de 1950 y 1960.&nbsp;<\/p>\n\n\n\n<p>Gracias a la ofensiva indigenista, las escuelas primarias se duplicaron entre 1940 y 1950, algo que fue parcialmente proporcional al n\u00famero de maestros, quienes contaban 8911 en 1937 y pasaron a ser 22238 en 1948. Uno de los logros m\u00e1s importantes de la explosi\u00f3n educativa fue el incremento de las escuelas secundarias, las cuales pasaron de ser 45 en 1940 hasta contar los 222 en 1960, sum\u00e1ndose a 302 de tipo particular. Por otro lado, la alfabetizaci\u00f3n logr\u00f3 importantes avances en el lapso de dos d\u00e9cadas, pero qued\u00f3 profundamente marcada por diferencias de g\u00e9nero. Seg\u00fan el censo de 1961, dos de cada tres analfabetos mayores de 15 a\u00f1os eran mujeres, algo que obedec\u00eda al desinter\u00e9s de las comunidades campesinas porque sus hijas accedan a la educaci\u00f3n y, en general, que la educaci\u00f3n resultaba de poca utilidad frente a las faenas agr\u00edcolas. Esto explica c\u00f3mo en 1972 el 45% de la poblaci\u00f3n mayor de 5 a\u00f1os en la Sierra no ten\u00eda ning\u00fan tipo de instrucci\u00f3n (Contreras, 2014).<\/p>\n\n\n\n<h3 class=\"wp-block-heading\"><strong>Fuentes primarias<\/strong><\/h3>\n\n\n\n<ul class=\"wp-block-list\">\n<li><a href=\"https:\/\/docs.peru.justia.com\/federales\/leyes\/15215-nov-13-1964.pdf\">Ley 15215: Ley de Estatuto y Escalaf\u00f3n del Magisterio Peruano<em>.<\/em><\/a><em> <\/em>(1964)<a href=\"https:\/\/docs.peru.justia.com\/federales\/leyes\/15215-nov-13-1964.pdf\">&nbsp;<\/a><\/li>\n\n\n\n<li>Comisi\u00f3n Bicameral del Congreso del Per\u00fa. (1965). <a href=\"https:\/\/books.google.com.pe\/books?id=VcElAQAAMAAJ&amp;pg=PA312&amp;dq=educacion+peru&amp;hl=es&amp;sa=X&amp;ved=2ahUKEwjkscjY3qf-AhUoK7kGHVg8CfQ4KBDoAXoECAkQAg#v=onepage&amp;q&amp;f=false\"><em>Informe sobre el estado de la Educaci\u00f3n P\u00fablica y Proyecto de Ley Org\u00e1nica de Educaci\u00f3n<\/em>.<\/a> Talleres gr\u00e1ficos de Villanueva.<\/li>\n\n\n\n<li>Ministerio de Educaci\u00f3n P\u00fablica (1950). <a href=\"https:\/\/repositorio.pucp.edu.pe\/index\/handle\/123456789\/187482\">Inauguraci\u00f3n del local del Colegio Nacional \u201cDos de Mayo\u201d del Callao.<\/a> Imprenta del Ministerio de Educaci\u00f3n P\u00fablica.<a href=\"https:\/\/repositorio.pucp.edu.pe\/index\/handle\/123456789\/187482\">&nbsp;<\/a><\/li>\n\n\n\n<li>Ministerio de Educaci\u00f3n P\u00fablica (1950). <a href=\"https:\/\/ia-petabox.archive.org\/details\/ministerio-de-educacion-publica-1950-plan-de-educacion-nacional\/page\/n7\/mode\/2up\"><em>Plan Nacional para la Educaci\u00f3n<\/em><\/a><em>.<\/em><a href=\"https:\/\/ia-petabox.archive.org\/details\/ministerio-de-educacion-publica-1950-plan-de-educacion-nacional\/page\/n7\/mode\/2up\">&nbsp;<\/a><\/li>\n\n\n\n<li>Ministerio de Educaci\u00f3n P\u00fablica. (1958). <a href=\"https:\/\/books.google.com.pe\/books?id=v1gQAAAAYAAJ&amp;printsec=frontcover&amp;dq=educacion+peru&amp;hl=es&amp;sa=X&amp;redir_esc=y#v=onepage&amp;q=educacion%20peru&amp;f=false\">Bolet\u00edn de la Reforma Educativa<\/a>, Vol. 2, No. 9.<a href=\"https:\/\/books.google.com.pe\/books?id=v1gQAAAAYAAJ&amp;printsec=frontcover&amp;dq=educacion+peru&amp;hl=es&amp;sa=X&amp;redir_esc=y#v=onepage&amp;q=educacion%20peru&amp;f=false\">&nbsp;<\/a><\/li>\n\n\n\n<li>Ministerio de Educaci\u00f3n P\u00fablica. (1963). <a href=\"https:\/\/books.google.com.pe\/books?id=UXYQAAAAYAAJ&amp;printsec=frontcover&amp;hl=es#v=onepage&amp;q&amp;f=false\"><em>Informe de educaci\u00f3n nacional<\/em><\/a>. Imprenta del Ministerio de Educaci\u00f3n.<a href=\"https:\/\/books.google.com.pe\/books?id=UXYQAAAAYAAJ&amp;printsec=frontcover&amp;hl=es#v=onepage&amp;q&amp;f=false\">&nbsp;<\/a><\/li>\n<\/ul>\n\n\n\n<h3 class=\"wp-block-heading\"><strong>Referencias<\/strong><\/h3>\n\n\n\n<ul class=\"wp-block-list\">\n<li>Alejos, R. (2014). <a href=\"https:\/\/docta.ucm.es\/rest\/api\/core\/bitstreams\/01bd5281-876c-4d16-ae65-c7fbeced13d2\/content\">Pol\u00edticas de informaci\u00f3n y documentaci\u00f3n para el desarrollo bibliotecario peruano: un plan nacional de acceso a la informaci\u00f3n y al conocimiento. <\/a>[Tesis doctorado, Universidad Complutense de Madrid]&nbsp;<\/li>\n\n\n\n<li>Apaza, A. (2016). <a href=\"https:\/\/dialnet.unirioja.es\/servlet\/articulo?codigo=5633973\">Breve historia de la educaci\u00f3n en el Per\u00fa.<\/a> Revista Apuntes Universitarios, VI, (2), 111-124.&nbsp;<\/li>\n\n\n\n<li>Contreras, C. (2014). <a href=\"https:\/\/centroderecursos.cultura.pe\/sites\/default\/files\/rb\/pdf\/ModernidadyeducacionenelPeru.pdf\">Maestros, mistis y campesinos en el Per\u00fa rural del siglo XX.<\/a> En C. Contreras y P. Oliart (Eds.)., Modernidad y educaci\u00f3n en el Per\u00fa (pp.12-81). Ministerio de Cultura.&nbsp;<\/li>\n\n\n\n<li>Eguren, M., Bela\u00fande de, C., &nbsp; y Gonz\u00e1lez, N. (2022). <a href=\"https:\/\/bicentenario.gob.pe\/biblioteca\/detalle-libro\/diversosydesiguales-escuelapublica\">Diversos y desiguales. Doscientos a\u00f1os de escuela p\u00fablica en el Per\u00fa.<\/a> Ministerio de Cultura.&nbsp;<\/li>\n\n\n\n<li>Garc\u00eda-Segura, S. (2017). <a href=\"http:\/\/scielo.iics.una.py\/pdf\/riics\/v13n2\/2226-4000-riics-13-02-00289.pdf\">La diversidad cultural y el dise\u00f1o de pol\u00edticas educativas en Per\u00fa.<\/a> An\u00e1lisis, 12 (2), 289-204.&nbsp;<\/li>\n\n\n\n<li>Granda, J. (1999). <a href=\"http:\/\/hdl.handle.net\/10644\/1446\">Una aproximaci\u00f3n a la historia de la educaci\u00f3n peruana.<\/a> Revista Ecuatoriana de Historia, 13, 89-107.&nbsp;&nbsp;<\/li>\n\n\n\n<li>Instituto de Estudios Peruanos (16 set. 2019). <a href=\"https:\/\/iep.org.pe\/noticias\/video-el-plan-de-educacion-nacional-y-la-edificacion-de-escuelas-en-la-gran-lima-durante-el-gobierno-de-manuel-a-odria\/\">Panel sobre \u201cEl Plan de Educaci\u00f3n Nacional y la edificaci\u00f3n de escuelas en la gran Lima durante el gobierno de Manuel A. Odr\u00eda\u201d.<\/a>&nbsp;<\/li>\n\n\n\n<li>Mart\u00ednez, J. (2023). <a href=\"https:\/\/www.researchgate.net\/publication\/366406939_Politica_educativa_y_construcciones_escolares_en_el_Distrito_de_La_Victoria_Peru_durante_el_gobierno_de_Odria_1948-1956\">Pol\u00edtica educativa y construcciones escolares en el distrito de La Victoria (Per\u00fa) durante el gobierno de Odr\u00eda, 1948-1956.<\/a> Historia y Memoria de la Educaci\u00f3n, 17, 319-341.&nbsp;<\/li>\n\n\n\n<li>Rivero, J. (2013). Inventarios educativos y proleg\u00f3menos de la reforma: 1956-1968. Derrama Magisterial.<\/li>\n\n\n\n<li>Zapata, A. (2013). Militarismos y maestros indigenistas, 1933-1956. Derrama Magisterial.<\/li>\n<\/ul>\n","protected":false},"excerpt":{"rendered":"<p>Tras el fin de la Segunda Guerra Mundial, el pa\u00eds recibi\u00f3 vientos reformistas tras la elecci\u00f3n de Jos\u00e9 Luis Bustamante y Rivero (1945-1948), bajo la promesa de una mayor apertura pol\u00edtica y la democratizaci\u00f3n de las instituciones. Sin embargo, los conflictos con el APRA plagaron su administraci\u00f3n de trabas e intentos fallidos por solventar la[&#8230;]<\/p>\n","protected":false},"author":2,"featured_media":206,"comment_status":"open","ping_status":"open","sticky":false,"template":"","format":"standard","meta":{"_coblocks_attr":"","_coblocks_dimensions":"","_coblocks_responsive_height":"","_coblocks_accordion_ie_support":"","footnotes":""},"categories":[7],"tags":[],"class_list":["post-75","post","type-post","status-publish","format-standard","has-post-thumbnail","hentry","category-siglo-xx"],"_links":{"self":[{"href":"http:\/\/test.boomerang.pe\/museo\/wp-json\/wp\/v2\/posts\/75","targetHints":{"allow":["GET"]}}],"collection":[{"href":"http:\/\/test.boomerang.pe\/museo\/wp-json\/wp\/v2\/posts"}],"about":[{"href":"http:\/\/test.boomerang.pe\/museo\/wp-json\/wp\/v2\/types\/post"}],"author":[{"embeddable":true,"href":"http:\/\/test.boomerang.pe\/museo\/wp-json\/wp\/v2\/users\/2"}],"replies":[{"embeddable":true,"href":"http:\/\/test.boomerang.pe\/museo\/wp-json\/wp\/v2\/comments?post=75"}],"version-history":[{"count":0,"href":"http:\/\/test.boomerang.pe\/museo\/wp-json\/wp\/v2\/posts\/75\/revisions"}],"wp:featuredmedia":[{"embeddable":true,"href":"http:\/\/test.boomerang.pe\/museo\/wp-json\/wp\/v2\/media\/206"}],"wp:attachment":[{"href":"http:\/\/test.boomerang.pe\/museo\/wp-json\/wp\/v2\/media?parent=75"}],"wp:term":[{"taxonomy":"category","embeddable":true,"href":"http:\/\/test.boomerang.pe\/museo\/wp-json\/wp\/v2\/categories?post=75"},{"taxonomy":"post_tag","embeddable":true,"href":"http:\/\/test.boomerang.pe\/museo\/wp-json\/wp\/v2\/tags?post=75"}],"curies":[{"name":"wp","href":"https:\/\/api.w.org\/{rel}","templated":true}]}}