{"id":78,"date":"2022-07-26T00:33:37","date_gmt":"2022-07-26T00:33:37","guid":{"rendered":"http:\/\/test.boomerang.pe\/museo\/?p=78"},"modified":"2023-12-06T22:05:10","modified_gmt":"2023-12-06T22:05:10","slug":"la-revolucion-educativa-la-reforma-de-las-fuerzas-armadas","status":"publish","type":"post","link":"http:\/\/test.boomerang.pe\/museo\/la-revolucion-educativa-la-reforma-de-las-fuerzas-armadas\/","title":{"rendered":"La reforma educativa (1968-1979)"},"content":{"rendered":"\n<p>En la b\u00fasqueda de un orden alternativo al predominio de los intereses de la oligarqu\u00eda en la pol\u00edtica peruana, un grupo de oficiales del Ej\u00e9rcito dio un golpe de estado contra el presidente Fernando Bela\u00fande Terry, dando paso al denominado \u201cGobierno Revolucionario de la Fuerza Armadas\u201d (1968-1979), liderado en una primera fase por el General Juan Velasco Alvarado, y en una segunda fase, por el General Francisco Morales Berm\u00fadez. Particularmente, durante la primera etapa, que dur\u00f3 hasta 1975, se dise\u00f1\u00f3 e implement\u00f3 diversas reformas estructurales en diferentes \u00e1mbitos de la sociedad peruana, siendo una de ellas la reforma en el sector educaci\u00f3n. Estas reformas fueron progresivamente desmanteladas durante la segunda fase de este r\u00e9gimen que termin\u00f3 con la convocatoria a una asamblea constituyente, antecedido por un creciente movimiento social de protestas.<\/p>\n\n\n\n<h3 class=\"wp-block-heading\"><img loading=\"lazy\" decoding=\"async\" width=\"30\" height=\"31\" class=\"wp-image-34\" style=\"width: 30px;\" src=\"http:\/\/test.boomerang.pe\/museo\/wp-content\/uploads\/2022\/07\/concepcion.png\" alt=\"\"> <strong>La concepci\u00f3n de la escuela<\/strong><\/h3>\n\n\n\n<p>El Gobierno Revolucionario de las Fuerzas Armadas se propuso romper con esquemas socioecon\u00f3micos y guiar el inicio de una nueva sociedad peruana. Es con esta visi\u00f3n que se abord\u00f3 la educaci\u00f3n a partir de 1972, cuando se inici\u00f3 una nueva reforma en el sistema educativo peruano, caracterizada por la voluntad de comprometer la participaci\u00f3n organizada de la comunidad, vinculada al desarrollo y al trabajo.&nbsp;<\/p>\n\n\n\n<p>Uno de los documentos que resumi\u00f3 la concepci\u00f3n de educaci\u00f3n y escuela en este r\u00e9gimen fue el informe publicado por<strong> <\/strong>la <a href=\"https:\/\/books.google.com.pe\/books?id=cewQAAAAYAAJ&amp;printsec=frontcover&amp;dq=peru+educacion&amp;hl=es&amp;sa=X&amp;redir_esc=y#v=onepage&amp;q=peru%20educacion&amp;f=false\">Comisi\u00f3n de la Reforma Educativa<\/a>, en el cual se realiza un diagn\u00f3stico de la educaci\u00f3n peruana y una propuesta para enfrentar el analfabetismo, la educaci\u00f3n escolar y superior. Para uno de sus miembros, <a href=\"https:\/\/sisbib.unmsm.edu.pe\/bibvirtual\/Autores\/salazar_ba.htm\">Augusto Salazar Bondy<\/a>, el sistema educativo constitu\u00eda uno de los ejes clave para superar las \u201cestructuras de dominaci\u00f3n\u201d que aquejaban al Per\u00fa, convirtiendo su educaci\u00f3n en \u201celitista, alienante, dependiente e ineficiente\u201d. La educaci\u00f3n, en general, y la escuela, en particular, eran concebidas sobre su aporte en crear \u201cel nuevo hombre peruano en la nueva sociedad peruana\u201d, para lo cual era necesario desarrollar la \u201cconcientizaci\u00f3n\u201d definida luego en la <a href=\"https:\/\/leyes.congreso.gob.pe\/Documentos\/Leyes\/19326.pdf\">Ley General de Educaci\u00f3n de 1972,<\/a> como: \u00abun proceso educativo por el que los individuos y los grupos sociales adquieren una consciencia cr\u00edtica del mundo hist\u00f3rico y cultural en el que viven, asumen con sus responsabilidades, y llevan a cabo la acci\u00f3n necesaria para transformarlo\u00bb.<\/p>\n\n\n\n<p>Esta inclusi\u00f3n que propon\u00eda la reforma se materializ\u00f3 en el m\u00e9todo de nuclearizaci\u00f3n, que tuvo como uno de sus objetivos la cooperaci\u00f3n familiar y comunitaria en la obra educativa, as\u00ed como promover la cooperaci\u00f3n intersectorial. La escuela se transform\u00f3 en un espacio para fortalecer y apoyar el proceso revolucionario por medio de una educaci\u00f3n capaz de desenvolver las capacidades humanas y afirmar su potencial de desarrollo aut\u00f3nomo (Alejos, 2014). Como en periodos anteriores, se puso \u00e9nfasis en desarrollar el pa\u00eds y explotar el sentido creador de la persona humana para luchar contra la pobreza y el retraso. Adem\u00e1s, se recuperaron postulados indigenistas para tomar en cuenta la realidad multicultural y multiling\u00fce peruana.<\/p>\n\n\n\n<h3 class=\"wp-block-heading\"><img loading=\"lazy\" decoding=\"async\" width=\"30\" height=\"30\" class=\"wp-image-35\" style=\"width: 30px;\" src=\"http:\/\/test.boomerang.pe\/museo\/wp-content\/uploads\/2022\/07\/infraestructura.png\" alt=\"\"> <strong>La gesti\u00f3n de las escuelas<\/strong><\/h3>\n\n\n\n<p>En general, la Comisi\u00f3n de la Reforma Educativa entend\u00eda que la falla sistem\u00e1tica de la educaci\u00f3n p\u00fablica era su distancia con la consecuci\u00f3n de los intereses nacionales, motivo por el cual la realidad del pa\u00eds deb\u00eda ser parte \u00edntegra de la reforma. Por ello, se consideraba necesario generar instancias intermedias locales como los \u201cn\u00facleos educativos comunales\u201d (NEC). No era la primera vez que en el Per\u00fa se intentaba una experiencia de generar redes de escuelas con otras entidades locales, como la que se implement\u00f3 en la d\u00e9cada de 1940 con los \u201cn\u00facleos escolares campesinos\u201d y que ahora era retomada por la reforma en una concepci\u00f3n de mayor interacci\u00f3n entre escuela-comunidad (Bizot, 1976).<\/p>\n\n\n\n<p>Con el fin de extender el aparato educativo estatal, se crearon, como se indic\u00f3, los N\u00facleos Educativos Comunales, entidades encargadas de congregar los recursos de una instituci\u00f3n educativa para distribuirlos y comunalizarlos con los colegios comprendidos en su \u00e1rea de influencia. A su vez, esto implic\u00f3 una mayor organizaci\u00f3n de las autoridades locales y las unidades familiares para organizar actividades y reuniones, algo que funcionaba para escuelas rurales o urbanas de bajos recursos, pero no necesariamente para las escuelas de clase media-alta, ya que ve\u00edan estos medios como propaganda gubernamental (Oliart, 2017).<\/p>\n\n\n\n<p>Desde el Estado se crean diversas instituciones para sostener el proceso de la reforma en las escuelas, entre ellas, una de las m\u00e1s importantes fundadas en este per\u00edodo fue el Instituto Nacional de Investigaci\u00f3n y Desarrollo de la Educaci\u00f3n (INIDE) en 1972. Este tuvo como fin la realizaci\u00f3n de investigaciones educativas con financiamiento p\u00fablico, incluyendo la producci\u00f3n de textos escolares y materiales de capacitaci\u00f3n docente. Por ello, durante su existencia contribuy\u00f3 a generar innovaci\u00f3n pedag\u00f3gica en el pa\u00eds, as\u00ed como el uso de materiales educativos actualizados y una mayor investigaci\u00f3n educativa (Oliart, 2013). En los a\u00f1os 1975-76 tuvo un personal de un poco m\u00e1s de 600 personas (Churchill, 1980).<\/p>\n\n\n\n<p>Las limitaciones presupuestales para sostener la reforma y otros factores pol\u00edticos del r\u00e9gimen militar fueron limitando sus potencialidades y el tipo de gesti\u00f3n escolar estrat\u00e9gica que esta demandaba. Francisco Sagasti (2018) narra, como ex-consultor de la planificaci\u00f3n del financiamiento que implicaba dicha reforma, la enorme inversi\u00f3n p\u00fablica que esto significaba y que compromet\u00eda su viabilidad. Las concepciones planteadas por el informe tuvieron limitaciones para ser traducidas en pol\u00edticas volcadas a la educaci\u00f3n escolar. Como menciona Rojas (2019, p.41): \u201cA diferencia de la Reforma Agraria, la reforma educativa velasquista no tuvo tiempo para consolidarse. Por sus propias caracter\u00edsticas, era una reforma que demandaba, por lo menos, de un proceso de mediano plazo.\u201d<\/p>\n\n\n\n<h3 class=\"wp-block-heading\"><img loading=\"lazy\" decoding=\"async\" width=\"30\" height=\"30\" class=\"wp-image-36\" style=\"width: 30px;\" src=\"http:\/\/test.boomerang.pe\/museo\/wp-content\/uploads\/2022\/07\/magisterio.png\" alt=\"\"> <strong>Qui\u00e9nes estudiaban<\/strong><\/h3>\n\n\n\n<p>Como lo reportaron Cotler y Alberti (1972), a partir de encuestas realizadas en los valles de Chancay, Mantaro y Urubamba, el alcance de las pol\u00edticas educativas logr\u00f3 tener resultados importantes en determinadas \u00e1reas rurales. Aunque muchos percibieron que ten\u00edan mayor acceso a la educaci\u00f3n, esta no hab\u00eda sido uniforme, dejando a\u00fan brechas sin cerrar en un sector rural. Este tipo de fen\u00f3meno era un reflejo del hecho que la mayor cantidad de oportunidades fueron para las \u00e1reas que hab\u00edan experimentado procesos de modernizaci\u00f3n, en contraste con otros espacios donde, m\u00e1s bien, predominaban las estructuras sociales tradicionales.<\/p>\n\n\n\n<p>Tomando fuentes oficiales, Churchill (1980) documenta la evoluci\u00f3n de algunos a\u00f1os del periodo de la reforma educativa en la cual se evidencia un aumento en la poblaci\u00f3n escolar, como se aprecia en la tabla siguiente.<\/p>\n\n\n\n<h4 class=\"wp-block-heading\" style=\"font-size:20px\"><strong>Tabla 5.&nbsp; Poblaci\u00f3n escolar durante a\u00f1os de la reforma educativa (1973-1975)<\/strong><\/h4>\n\n\n\n<figure class=\"wp-block-table\"><table><tbody><tr><td><\/td><td><strong>1973<\/strong><\/td><td><strong>1974<\/strong><\/td><td><strong>1975<\/strong><\/td><\/tr><tr><td><strong>Inicial<\/strong><\/td><td>107,3<\/td><td>138,0<\/td><td>178,5<\/td><\/tr><tr><td><strong>B\u00e1sica Regular y Primaria (a)<\/strong><\/td><td>2.636,3<\/td><td>2.734,2<\/td><td>2.893,9<\/td><\/tr><tr><td><strong>B\u00e1sica Laboral y Escuelas verpertinas<\/strong><\/td><td>167,7<\/td><td>131,1<\/td><td>199,7<\/td><\/tr><tr><td><strong>Sistema total (incluida secundaria, universidad, etc.)<\/strong><\/td><td>3.964,8<\/td><td>4.171,0<\/td><td>4.558,8<\/td><\/tr><\/tbody><\/table><figcaption class=\"wp-element-caption\">Fuente: adaptado de Churchill, 1980 p. 57<\/figcaption><\/figure>\n\n\n\n<p class=\"is-style-default\">(a) La reforma diferenci\u00f3 entre educaci\u00f3n b\u00e1sica regular y educaci\u00f3n b\u00e1sica laboral. En los datos como indica el autor, se han incluido datos de estudiantes del sector a\u00fan no reformado.<\/p>\n\n\n\n<p>Respecto al \u00e1mbito privado de la educaci\u00f3n escolar, se puede advertir un cierto crecimiento de estudiantes en escuelas privadas. As\u00ed, mientras que a principios de la d\u00e9cada de 1950 hab\u00edan cerca de 500 escuelas privadas asociadas a la Iglesia Cat\u00f3lica, para 1971, llegaban a 1051, y de las cuales el 32.5% eran gratuitas por injerencia estatal, y casi un 60% hab\u00edan reducido sus pensiones. Sucede que, desde antes de la reforma, dos tercios de estas recib\u00edan ayuda econ\u00f3mica del gobierno, y despu\u00e9s de 1972, esto no solo se ratific\u00f3 sino tambi\u00e9n se us\u00f3 para extender la participaci\u00f3n de este sector en el proceso educativo orientado por el gobierno. As\u00ed, los llamados colegios parroquiales ten\u00edan una gesti\u00f3n privada, vinculada a la Iglesia, pero no pod\u00edan proveer educaci\u00f3n sin cobrar excesivamente a las familias m\u00e1s pobres (Klaiber, 1986).<\/p>\n\n\n\n<h3 class=\"wp-block-heading\"><strong>Fuentes primarias<\/strong><\/h3>\n\n\n\n<ul class=\"wp-block-list\">\n<li>Comisi\u00f3n de Reforma de la Educaci\u00f3n. (1970). <a href=\"https:\/\/books.google.com.pe\/books?id=cewQAAAAYAAJ&amp;printsec=frontcover&amp;dq=peru+educacion&amp;hl=es&amp;sa=X&amp;redir_esc=y#v=onepage&amp;q=peru%20educacion&amp;f=false\"><em>Reforma de la educaci\u00f3n peruana. Informe general.<\/em><\/a> Secci\u00f3n departamental de prensa y propaganda.<a href=\"https:\/\/books.google.com.pe\/books?id=cewQAAAAYAAJ&amp;printsec=frontcover&amp;dq=peru+educacion&amp;hl=es&amp;sa=X&amp;redir_esc=y#v=onepage&amp;q=peru%20educacion&amp;f=false\">&nbsp;<\/a><\/li>\n\n\n\n<li><a href=\"https:\/\/leyes.congreso.gob.pe\/Documentos\/Leyes\/19326.pdf\">Ley General de Educaci\u00f3n N\u00b0 19326.<\/a> (1972).<a href=\"https:\/\/leyes.congreso.gob.pe\/Documentos\/Leyes\/19326.pdf\">&nbsp;<\/a><\/li>\n\n\n\n<li>Ministerio de Educaci\u00f3n. (1970). <a href=\"https:\/\/books.google.com.pe\/books?id=TMIQAAAAYAAJ&amp;pg=RA1-PP42&amp;dq=colegios+gobierno+peru&amp;hl=es&amp;sa=X&amp;ved=2ahUKEwi0xoTY_cD-AhV2A7kGHVccAZM4FBDoAXoECAIQAg#v=onepage&amp;q&amp;f=false\"><em>Educaci\u00f3n.<\/em><\/a><em> La revista del maestro peruano<\/em>, Vol. 1, no.2- 3-4.<a href=\"https:\/\/books.google.com.pe\/books?id=TMIQAAAAYAAJ&amp;pg=RA1-PP42&amp;dq=colegios+gobierno+peru&amp;hl=es&amp;sa=X&amp;ved=2ahUKEwi0xoTY_cD-AhV2A7kGHVccAZM4FBDoAXoECAIQAg#v=onepage&amp;q&amp;f=false\">&nbsp;<\/a><\/li>\n\n\n\n<li>Ministerio de Educaci\u00f3n. (1977). <a href=\"https:\/\/repositorio.minedu.gob.pe\/handle\/20.500.12799\/1121\">Desarrollo de la educaci\u00f3n peruana 1975-1977.<\/a><\/li>\n<\/ul>\n\n\n\n<h3 class=\"wp-block-heading\"><strong>Referencias<\/strong><\/h3>\n\n\n\n<ul class=\"wp-block-list\">\n<li>Eguren, M., Bela\u00fande de, C., &nbsp; y Gonz\u00e1lez, N. (2022). <a href=\"https:\/\/bicentenario.gob.pe\/biblioteca\/detalle-libro\/diversosydesiguales-escuelapublica\">Diversos y desiguales. Doscientos a\u00f1os de escuela p\u00fablica en el Per\u00fa.<\/a> Ministerio de Cultura.&nbsp;<\/li>\n\n\n\n<li>Bizot, J. (1976). <a href=\"https:\/\/hdl.handle.net\/20.500.12799\/1114\">La reforma de la educaci\u00f3n en Per\u00fa.<\/a> Experiencias e Innovaciones en Educaci\u00f3n No 16. Unesco.&nbsp;<\/li>\n\n\n\n<li>Cotler, J. y G. Alberti (1972). Cuestiones metodol\u00f3gicas. En J. Cotler y G. Alberti (Eds.). Aspectos sociales de la educaci\u00f3n rural en el Per\u00fa. Instituto de Estudios Peruanos.<\/li>\n\n\n\n<li>Churchill, S. (1980). <a href=\"https:\/\/repositorio.minedu.gob.pe\/bitstream\/handle\/20.500.12799\/1116\/667.%20El%20Modelo%20peruano%20de%20innovaci%C3%B3n%20la%20reforma%20de%20la%20educaci%C3%B3n%20b%C3%A1sica.pdf?sequence=1\">El modelo peruano de innovaci\u00f3n: la reforma de la educaci\u00f3n b\u00e1sica.<\/a> UNESCO.<\/li>\n\n\n\n<li>Foro Educativo (2012). Gobernabilidad Educativa. Fortaleciendo la democracia. Foro Educativo-Derrama Magisterial.<\/li>\n\n\n\n<li>Instituto de Estudios Peruanos (2018). <a href=\"https:\/\/www.youtube.com\/watch?v=u0toV3wkhfk\">Panel sobre \u201cVelasco, la reforma educativa y los maestros\u201d.<\/a>&nbsp;<\/li>\n\n\n\n<li>Klaiber, J. (1986). <a href=\"https:\/\/doiorg.ezproxybib.pucp.edu.pe\/10.2307\/1007435\">The Battle over Private Education in Peru, 1968-1980.<\/a>The Americas, 43 (2),137-158.<\/li>\n\n\n\n<li>Malpica Faustor, C., Card\u00f3 Franco, A., D\u00edaz D\u00edaz, H. y Vargas Vega, R. (1989). <a href=\"https:\/\/unesdoc.unesco.org\/ark:\/48223\/pf0000085079\">Planificaci\u00f3n y desarrollo de la educaci\u00f3n en el Per\u00fa: un an\u00e1lisis de la experiencia del per\u00edodo 1948-1985.<\/a> Instituto Internacional de Planeamiento de la Educaci\u00f3n-UNESCO.&nbsp;<\/li>\n\n\n\n<li>Oliart, P. (2017). Politicizing Education: The 1972 Reform in Peru. En P. Drinot y C. Aguirre (Ed.), The Peculiar Revolution: Rethinking the Peruvian Experiment under Military Rule. University of Texas Press.<\/li>\n\n\n\n<li>Oliart, P. (2013). Educar en tiempos de cambio, 1968-1975. Derrama Magisterial.<\/li>\n\n\n\n<li>Pezo, C., Ballon, E., y L. Peirano. (1981). El magisterio y sus luchas, 1885-1978. DESCO.<\/li>\n\n\n\n<li>Rojas, R. (2019). <a href=\"http:\/\/argumentos-historico.iep.org.pe\/wp-content\/uploads\/2019\/10\/Rojas-R.-2019-Velasco-la-reforma-educativa-y-los-maestros.pdf\">Velasco, la reforma educativa y los maestros.<\/a> Revista Argumentos, 13 (2), 36-41.<\/li>\n\n\n\n<li>Sagasti, F. (2018, 10 enero). <a href=\"https:\/\/youtu.be\/BlYpg5mRfho\">Futuro Educaci\u00f3n: Francisco Sagasti, experto, sobre Sociedad del Futuro<\/a> [Video] YouTube. (ver minutos 4 al 7)<\/li>\n<\/ul>\n","protected":false},"excerpt":{"rendered":"<p>En la b\u00fasqueda de un orden alternativo al predominio de los intereses de la oligarqu\u00eda en la pol\u00edtica peruana, un grupo de oficiales del Ej\u00e9rcito dio un golpe de estado contra el presidente Fernando Bela\u00fande Terry, dando paso al denominado \u201cGobierno Revolucionario de la Fuerza Armadas\u201d (1968-1979), liderado en una primera fase por el General[&#8230;]<\/p>\n","protected":false},"author":2,"featured_media":79,"comment_status":"open","ping_status":"open","sticky":false,"template":"","format":"standard","meta":{"_coblocks_attr":"","_coblocks_dimensions":"","_coblocks_responsive_height":"","_coblocks_accordion_ie_support":"","footnotes":""},"categories":[7],"tags":[],"class_list":["post-78","post","type-post","status-publish","format-standard","has-post-thumbnail","hentry","category-siglo-xx"],"_links":{"self":[{"href":"http:\/\/test.boomerang.pe\/museo\/wp-json\/wp\/v2\/posts\/78","targetHints":{"allow":["GET"]}}],"collection":[{"href":"http:\/\/test.boomerang.pe\/museo\/wp-json\/wp\/v2\/posts"}],"about":[{"href":"http:\/\/test.boomerang.pe\/museo\/wp-json\/wp\/v2\/types\/post"}],"author":[{"embeddable":true,"href":"http:\/\/test.boomerang.pe\/museo\/wp-json\/wp\/v2\/users\/2"}],"replies":[{"embeddable":true,"href":"http:\/\/test.boomerang.pe\/museo\/wp-json\/wp\/v2\/comments?post=78"}],"version-history":[{"count":0,"href":"http:\/\/test.boomerang.pe\/museo\/wp-json\/wp\/v2\/posts\/78\/revisions"}],"wp:featuredmedia":[{"embeddable":true,"href":"http:\/\/test.boomerang.pe\/museo\/wp-json\/wp\/v2\/media\/79"}],"wp:attachment":[{"href":"http:\/\/test.boomerang.pe\/museo\/wp-json\/wp\/v2\/media?parent=78"}],"wp:term":[{"taxonomy":"category","embeddable":true,"href":"http:\/\/test.boomerang.pe\/museo\/wp-json\/wp\/v2\/categories?post=78"},{"taxonomy":"post_tag","embeddable":true,"href":"http:\/\/test.boomerang.pe\/museo\/wp-json\/wp\/v2\/tags?post=78"}],"curies":[{"name":"wp","href":"https:\/\/api.w.org\/{rel}","templated":true}]}}