{"id":84,"date":"2022-07-26T00:38:27","date_gmt":"2022-07-26T00:38:27","guid":{"rendered":"http:\/\/test.boomerang.pe\/museo\/?p=84"},"modified":"2024-01-23T14:53:09","modified_gmt":"2024-01-23T14:53:09","slug":"una-escuela-por-resultados","status":"publish","type":"post","link":"http:\/\/test.boomerang.pe\/museo\/una-escuela-por-resultados\/","title":{"rendered":"La expansi\u00f3n de las escuelas privadas (1992-2019)"},"content":{"rendered":"\n<p>Este es un periodo cr\u00edtico que se inicia con el llamado \u201cautogolpe\u201d dado en 1992 por el Presidente Alberto Fujimori, ex docente de una universidad p\u00fablica en Lima, quien hab\u00eda asumido desde 1990 un pa\u00eds con hiperinflaci\u00f3n, reducci\u00f3n de recursos p\u00fablicos, violencia terrorista y amplio descontento social. Con la reestructuraci\u00f3n de la econom\u00eda se promovi\u00f3 el sector privado, as\u00ed como una reducci\u00f3n y menor regulaci\u00f3n del Estado. Esto se reflej\u00f3 en el sector educativo con el progresivo crecimiento de la educaci\u00f3n privada. En el \u00e1mbito de la lucha contra el terrorismo, la captura de los dirigentes de Sendero Luminoso y del MRTA permiti\u00f3 al pa\u00eds transitar a una etapa de reducci\u00f3n de la violencia y a una paulatina recuperaci\u00f3n econ\u00f3mica. Los problemas crecientes de corrupci\u00f3n desde el Estado y signos de autoritarismo del r\u00e9gimen fueron alimentando el descontento y la movilizaci\u00f3n de diversos sectores de la sociedad.<\/p>\n\n\n\n<h3 class=\"wp-block-heading\"><img loading=\"lazy\" decoding=\"async\" width=\"30\" height=\"31\" class=\"wp-image-34\" style=\"width: 30px;\" src=\"http:\/\/test.boomerang.pe\/museo\/wp-content\/uploads\/2022\/07\/concepcion.png\" alt=\"\"> <strong>La concepci\u00f3n de la escuela<\/strong><\/h3>\n\n\n\n<p>La Constituci\u00f3n de 1993 gener\u00f3 un debate sobre c\u00f3mo debe ser concebida la educaci\u00f3n en la sociedad peruana. Por un lado, se logra avanzar en un enfoque de universalizaci\u00f3n de la educaci\u00f3n b\u00e1sica, para que esta incluya la obligatoriedad, no solo de la educaci\u00f3n primaria como era antes, sino tambi\u00e9n de la educaci\u00f3n inicial y secundaria. Por otro lado, se discute sobre la consideraci\u00f3n de la educaci\u00f3n como un derecho humano que debe ser garantizado por parte del Estado. Para un sector esto queda limitado respecto a lo formulado de manera m\u00e1s expl\u00edcita como en la Constituci\u00f3n de 1979 (Bello, 2023). Otro tema controversial que mostraba diferentes posicionamientos sobre la forma de concebir la educaci\u00f3n estaba alrededor la participaci\u00f3n de la iniciativa privada, prevaleciendo el enfoque que legitima su mayor presencia en el sector (McLauchlan, 1994).<\/p>\n\n\n\n<p>Adem\u00e1s de estos discursos, tambi\u00e9n en esta etapa fue insert\u00e1ndose el llamado \u201cnuevo enfoque pedag\u00f3gico\u201d desde las pol\u00edticas del Ministerio de Educaci\u00f3n, basado en el constructivismo y que fue el marco conceptual clave para emprender los cambios curriculares en la educaci\u00f3n b\u00e1sica y los procesos de capacitaci\u00f3n docente a nivel nacional, acompa\u00f1ado de una concepci\u00f3n m\u00e1s flexible que permita al docente el diversificar los contenidos curriculares de acuerdo con cada contexto educativo (Ames, 2004).<\/p>\n\n\n\n<h3 class=\"wp-block-heading\"><img loading=\"lazy\" decoding=\"async\" width=\"30\" height=\"30\" class=\"wp-image-35\" style=\"width: 30px;\" src=\"http:\/\/test.boomerang.pe\/museo\/wp-content\/uploads\/2022\/07\/infraestructura.png\" alt=\"\"> <strong>La gesti\u00f3n de las escuelas<\/strong><\/h3>\n\n\n\n<p>Fue en 1996, iniciado el segundo gobierno de Alberto Fujimori, que se estableci\u00f3 la liberalizaci\u00f3n del mercado educativo, por medio de la promulgaci\u00f3n del Decreto Legislativo 882, el cual impuls\u00f3 la inversi\u00f3n privada con fines de lucro por medio de beneficios tributarios y una baja regulaci\u00f3n estatal. Desde entonces, la oferta del servicio educativo privado creci\u00f3, particularmente en la capital del pa\u00eds y con tendencias diferentes en los departamentos, con mayor notoriedad despu\u00e9s del a\u00f1o 2000. La participaci\u00f3n privada en la educaci\u00f3n b\u00e1sica en Lima Metropolitana pas\u00f3 del 29% en el a\u00f1o 2004 al 50% en 2014 (Fontdevila et. al, 2018). Definitivamente, en este periodo quedaron instaladas las normas y pol\u00edticas fundamentales para la expansi\u00f3n matricular escolar en este sector con escuelas privadas sobre todo de bajo costo.&nbsp;&nbsp;<\/p>\n\n\n\n<p>Igualmente, en el a\u00f1o 1996, se crea el Programa de Mejoramiento de la Calidad de la Educaci\u00f3n Peruana (MECEP), cofinanciado por el Banco Mundial y luego por el Banco Interamericano de Desarrollo, dirigido a las escuelas de educaci\u00f3n b\u00e1sica con el objetivo de alcanzar la modernizaci\u00f3n curricular, la dotaci\u00f3n de material educativo y mobiliario escolar, la capacitaci\u00f3n docente, la modernizaci\u00f3n de la gesti\u00f3n educativa, la medici\u00f3n de la calidad educativa y la construcci\u00f3n y rehabilitaci\u00f3n de infraestructura escolar. Al mismo tiempo, el Ministerio de Educaci\u00f3n inicia el Plan Nacional de Educaci\u00f3n Biling\u00fce Intercultural, orientado hacia la poblaci\u00f3n escolar vernaculohablante.<\/p>\n\n\n\n<p>Otra caracter\u00edstica en el segundo quinquenio del gobierno de Fujimori fue el \u00e9nfasis en una pol\u00edtica de construcci\u00f3n de infraestructura educativa; as\u00ed, entre 1995-1997, se construyeron 1500 colegios y 13000 aulas, aunque esto no cubri\u00f3 totalmente la demanda existente (Tovar, 1997).<\/p>\n\n\n<div class=\"wp-block-image\">\n<figure class=\"aligncenter size-full\"><img loading=\"lazy\" decoding=\"async\" width=\"600\" height=\"584\" src=\"http:\/\/test.boomerang.pe\/museo\/wp-content\/uploads\/2024\/01\/Construccion-escuelas.jpg\" alt=\"\" class=\"wp-image-626\" srcset=\"http:\/\/test.boomerang.pe\/museo\/wp-content\/uploads\/2024\/01\/Construccion-escuelas.jpg 600w, http:\/\/test.boomerang.pe\/museo\/wp-content\/uploads\/2024\/01\/Construccion-escuelas-300x292.jpg 300w\" sizes=\"auto, (max-width: 600px) 100vw, 600px\" \/><figcaption class=\"wp-element-caption\">Anuncio de construcci\u00f3n de centros educativos en el diario oficial del gobierno.<br>Fuente: Biblioteca Nacional del Per\u00fa BNP \/ Hemeroteca.&nbsp; El Peruano, 26 diciembre 1995<\/figcaption><\/figure><\/div>\n\n\n<p>El incremento del gasto p\u00fablico del Estado Peruano puede mostrarse en la proporci\u00f3n destinada a la inversi\u00f3n por estudiante. De esta manera, puede verse que entre 1990-1996, el gasto se duplic\u00f3 respecto al final del gobierno anterior de Alan Garc\u00eda, pasando de 71 d\u00f3lares a 131 d\u00f3lares mensuales. Sin embargo, esta cifra dista del gasto de otros pa\u00edses de la regi\u00f3n latinoamericana, quienes invierten al menos el doble como m\u00ednimo. Por otro lado, esto resulta mucho menor si se considera en relaci\u00f3n con la divisi\u00f3n geogr\u00e1fica interna, donde 11 de los 24 departamentos tuvieron una inversi\u00f3n por debajo de la media nacional (Tovar, 1997).<\/p>\n\n\n\n<h3 class=\"wp-block-heading\"><img loading=\"lazy\" decoding=\"async\" width=\"30\" height=\"30\" class=\"wp-image-36\" style=\"width: 30px;\" src=\"http:\/\/test.boomerang.pe\/museo\/wp-content\/uploads\/2022\/07\/magisterio.png\" alt=\"\"> <strong>Qui\u00e9nes estudiaban<\/strong><\/h3>\n\n\n\n<p>Para 1997, poco m\u00e1s de 6 millones de peruanos estaban en edad de asistir a la escuela, con cerca del 92% matriculados en el a\u00f1o escolar, lo que se complementa con la informaci\u00f3n provista por el <a href=\"http:\/\/censos1.inei.gob.pe\/censos1993\/redatam\/\">Censo Nacional de 1993<\/a>, el cual se\u00f1ala que el 87% de ni\u00f1os y ni\u00f1as llevan instrucci\u00f3n primaria, y el 74% de adolescentes recibe educaci\u00f3n secundaria. Sin embargo, el factor geogr\u00e1fico sigue revelando las profundas diferencias en la accesibilidad a los servicios educativos. Los departamentos de la Selva y del Sur Andino tienen porcentajes de escolaridad que est\u00e1n muy por debajo de la media nacional; en lugares como Ayacucho, Cajamarca y San Mart\u00edn, 18 de cada 100 ni\u00f1os no asisten a la escuela. Por otro lado, el factor de g\u00e9nero complementa este panorama, al quedar evidenciado que, debido a la primac\u00eda de un rol tradicional de la mujer circunscrito al trabajo dom\u00e9stico, el 24% de ni\u00f1as no acceden a la escuela, siendo el grupo m\u00e1s excluido del total, particularmente en la Sierra (Tovar, 1997).<\/p>\n\n\n\n<h3 class=\"wp-block-heading\"><strong>Fuentes primarias<\/strong><\/h3>\n\n\n\n<ul class=\"wp-block-list\">\n<li><a href=\"https:\/\/www.congreso.gob.pe\/Docs\/files\/documentos\/constitucionparte1993-12-09-2017.pdf\">Congreso Constituyente Democr\u00e1tico.<\/a> (1993). <em>Constituci\u00f3n Pol\u00edtica del Per\u00fa.<\/em><a href=\"https:\/\/www.congreso.gob.pe\/Docs\/files\/documentos\/constitucionparte1993-12-09-2017.pdf\">&nbsp;<\/a><\/li>\n\n\n\n<li><a href=\"https:\/\/docs.peru.justia.com\/federales\/decretos-leyes\/26011-dec-26-1992.pdf\">Decreto Ley N\u00b0 26011.<\/a><\/li>\n\n\n\n<li><a href=\"https:\/\/docs.peru.justia.com\/federales\/decretos-leyes\/26013-dec-26-1992.pdf\">Decreto Ley N\u00b0 26013.<\/a><\/li>\n\n\n\n<li><a href=\"https:\/\/www.leyes.congreso.gob.pe\/Documentos\/DecretosLegislativos\/00882.pdf\">Decreto Legislativo N\u00b0 882.&nbsp;<\/a><\/li>\n\n\n\n<li>Ministerio de Educaci\u00f3n. (1996). <a href=\"https:\/\/gmailcom-oscar.blogspot.com\/2008\/04\/funcin-de-control-monitoreo.html\">Resoluci\u00f3n Ministerial N\u00b0 016-96-ED.<\/a><\/li>\n<\/ul>\n\n\n\n<h3 class=\"wp-block-heading\"><strong>Referencias<\/strong><\/h3>\n\n\n\n<ul class=\"wp-block-list\">\n<li>Ames, P. (2004). <a href=\"https:\/\/www.grade.org.pe\/creer\/archivos\/Ames-Patricia.-2004-Las-escuelas-multigrado-en-el-contexto-educativo-actual-1.pdf\"><em>Las escuelas multigrado en el contexto educativo actual: desaf\u00edos y posibilidades<\/em>.<\/a> Ministerio de Educaci\u00f3n-GTZ.<\/li>\n\n\n\n<li>Eguren, M.,&nbsp; Bela\u00fande de, C., y Gonz\u00e1lez, N. (2022). <a href=\"https:\/\/bicentenario.gob.pe\/biblioteca\/detalle-libro\/diversosydesiguales-escuelapublica\"><em>Diversos y desiguales. Doscientos a\u00f1os de escuela p\u00fablica en el Per\u00fa.<\/em><\/a> Ministerio de Cultura.<a href=\"https:\/\/bicentenario.gob.pe\/biblioteca\/detalle-libro\/diversosydesiguales-escuelapublica\">&nbsp;<\/a><\/li>\n\n\n\n<li>Bela\u00fande de, C., Gonz\u00e1lez, N., y Eguren, M. (2013). \u00bfLecci\u00f3n para el maestro? La experiencia del Plan Nacional de Capacitaci\u00f3n Docente. <em>Documento de Trabajo N\u00b0 188<\/em>. Instituto de Estudios Peruanos.&nbsp;<\/li>\n\n\n\n<li>Bello, M. (2023). <a href=\"https:\/\/www.revistaideele.com\/2023\/02\/20\/el-derecho-a-la-educacion-y-la-reforma-constitucional\/\">El derecho a la educaci\u00f3n y la reforma constitucional.<\/a> <em>Revista Ideele<\/em>, N\u00b0308.<a href=\"https:\/\/www.revistaideele.com\/2023\/02\/20\/el-derecho-a-la-educacion-y-la-reforma-constitucional\/\">&nbsp;<\/a><\/li>\n\n\n\n<li>Bing Wu, K. (2001). <em>Peruvian Education at a Crossroads: Challenges and Opportunities for the 21st Century<\/em>. The World Bank.&nbsp;<\/li>\n\n\n\n<li>Cuenca, R. (2013). <a href=\"https:\/\/doi.org\/10.1590\/ES0101-73302019192469\"><em>Cambio, continuidad y b\u00fasqueda de consenso: 1980-2011<\/em>.<\/a> Lima: Derrama Magisterial.&nbsp; <em>Educa\u00e7\u00e3o &amp; Sociedade, 40<\/em>, 1 16.&nbsp;<\/li>\n\n\n\n<li>Cuenca, R., Amat y Le\u00f3n,L., y Or\u00e9, S. (2019). Itinerarios de la educaci\u00f3n privada en Per\u00fa.<\/li>\n\n\n\n<li>Fontdevila, C., Marius,P., Balarin,M. y Rodriguez, M.F. (2018). <a href=\"https:\/\/acortar.link\/XJgjXn\">Educaci\u00f3n privada de \u201cbajo coste\u201d en el Per\u00fa: un enfoque desde la calidad<em>.<\/em><\/a><em> <\/em>Internacional de la Educaci\u00f3n.<a href=\"https:\/\/acortar.link\/XJgjXn\">&nbsp;<\/a><\/li>\n\n\n\n<li>Garc\u00eda, M. E. (2004). Rethinking Bilingual Education in Peru: Intercultural Politics, State Policy and Indigenous Rights. <em>International Journal of Bilingual Education<\/em>, 7 (5), 348-367.&nbsp;<\/li>\n\n\n\n<li>McLauchlan, P. (1994). <a href=\"https:\/\/www.grade.org.pe\/wp-content\/uploads\/NPD124.pdf\">Din\u00e1mica de la transformaci\u00f3n del sistema educativo en el Per\u00fa<em>.<\/em><\/a><em> Notas para el debate, 12<\/em>, 53-98.<a href=\"https:\/\/www.grade.org.pe\/wp-content\/uploads\/NPD124.pdf\">&nbsp;<\/a><\/li>\n\n\n\n<li>Tovar, T. (1997). <em>Desde los ni\u00f1os\/as: An\u00e1lisis de las pol\u00edticas educativas 1995-1997<\/em>. Foro Educativo.&nbsp;<\/li>\n\n\n\n<li>UNESCO (2001). <a href=\"https:\/\/www.grade.org.pe\/wp-content\/uploads\/UNESCOTAREA_UnaMiradaEducacionPeru.pdf\"><em>Una mirada a la educaci\u00f3n en el Per\u00fa. Balance de 20 a\u00f1os en el Per\u00fa del Proyecto Principal de la UNESCO para Am\u00e9rica Latina 1979-1999.<\/em>&nbsp;<\/a><\/li>\n<\/ul>\n","protected":false},"excerpt":{"rendered":"<p>Este es un periodo cr\u00edtico que se inicia con el llamado \u201cautogolpe\u201d dado en 1992 por el Presidente Alberto Fujimori, ex docente de una universidad p\u00fablica en Lima, quien hab\u00eda asumido desde 1990 un pa\u00eds con hiperinflaci\u00f3n, reducci\u00f3n de recursos p\u00fablicos, violencia terrorista y amplio descontento social. Con la reestructuraci\u00f3n de la econom\u00eda se promovi\u00f3[&#8230;]<\/p>\n","protected":false},"author":2,"featured_media":85,"comment_status":"open","ping_status":"open","sticky":false,"template":"","format":"standard","meta":{"_coblocks_attr":"","_coblocks_dimensions":"","_coblocks_responsive_height":"","_coblocks_accordion_ie_support":"","footnotes":""},"categories":[7],"tags":[],"class_list":["post-84","post","type-post","status-publish","format-standard","has-post-thumbnail","hentry","category-siglo-xx"],"_links":{"self":[{"href":"http:\/\/test.boomerang.pe\/museo\/wp-json\/wp\/v2\/posts\/84","targetHints":{"allow":["GET"]}}],"collection":[{"href":"http:\/\/test.boomerang.pe\/museo\/wp-json\/wp\/v2\/posts"}],"about":[{"href":"http:\/\/test.boomerang.pe\/museo\/wp-json\/wp\/v2\/types\/post"}],"author":[{"embeddable":true,"href":"http:\/\/test.boomerang.pe\/museo\/wp-json\/wp\/v2\/users\/2"}],"replies":[{"embeddable":true,"href":"http:\/\/test.boomerang.pe\/museo\/wp-json\/wp\/v2\/comments?post=84"}],"version-history":[{"count":0,"href":"http:\/\/test.boomerang.pe\/museo\/wp-json\/wp\/v2\/posts\/84\/revisions"}],"wp:featuredmedia":[{"embeddable":true,"href":"http:\/\/test.boomerang.pe\/museo\/wp-json\/wp\/v2\/media\/85"}],"wp:attachment":[{"href":"http:\/\/test.boomerang.pe\/museo\/wp-json\/wp\/v2\/media?parent=84"}],"wp:term":[{"taxonomy":"category","embeddable":true,"href":"http:\/\/test.boomerang.pe\/museo\/wp-json\/wp\/v2\/categories?post=84"},{"taxonomy":"post_tag","embeddable":true,"href":"http:\/\/test.boomerang.pe\/museo\/wp-json\/wp\/v2\/tags?post=84"}],"curies":[{"name":"wp","href":"https:\/\/api.w.org\/{rel}","templated":true}]}}