{"id":87,"date":"2022-07-26T02:29:27","date_gmt":"2022-07-26T02:29:27","guid":{"rendered":"http:\/\/test.boomerang.pe\/museo\/?p=87"},"modified":"2024-01-22T15:02:37","modified_gmt":"2024-01-22T15:02:37","slug":"de-los-cursos-a-las-areas-y-competencias","status":"publish","type":"post","link":"http:\/\/test.boomerang.pe\/museo\/de-los-cursos-a-las-areas-y-competencias\/","title":{"rendered":"La escuela evaluada (2000-2019)"},"content":{"rendered":"\n<p>El contexto pol\u00edtico de este periodo estuvo marcado por las consecuencias de la profunda crisis del gobierno de Fujimori y el reencauce democr\u00e1tico del pa\u00eds con cuatro gobiernos electos en medio de un contexto econ\u00f3mico favorable que permiti\u00f3 el financiamiento de diversas pol\u00edticas p\u00fablicas y la expansi\u00f3n de la clase media peruana, as\u00ed como la reducci\u00f3n de la pobreza. La regionalizaci\u00f3n del pa\u00eds fue una de las pol\u00edticas que estaban destinadas a una mayor descentralizaci\u00f3n y a la transferencia de funciones antes concentradas en el gobierno central; sin embargo, este fue un proceso complejo que no termin\u00f3 de representar cambios m\u00e1s significativos en la desburocratizaci\u00f3n de las pol\u00edticas p\u00fablicas.&nbsp;<\/p>\n\n\n\n<h3 class=\"wp-block-heading\"><img loading=\"lazy\" decoding=\"async\" width=\"30\" height=\"31\" class=\"wp-image-34\" style=\"width: 30px;\" src=\"http:\/\/test.boomerang.pe\/museo\/wp-content\/uploads\/2022\/07\/concepcion.png\" alt=\"\"><strong>La concepci\u00f3n de la escuela<\/strong><\/h3>\n\n\n\n<p>La promulgaci\u00f3n de una nueva Ley General de la Educaci\u00f3n, dada en el a\u00f1o 2003, cre\u00f3 un ambiente propicio para el desarrollo de concepciones sobre la educaci\u00f3n b\u00e1sica y la escuela peruana. Esta norma, finalmente, propuso la educaci\u00f3n como un derecho, donde la formaci\u00f3n \u00e9tica y c\u00edvica cobraron gran importancia. A ello se agregaron diversos principios que deben fundamentar la educaci\u00f3n como la equidad, inclusi\u00f3n, interculturalidad y conciencia ambiental.&nbsp; A su vez, la ley refuerza la concepci\u00f3n de \u201csociedad educadora que redefine la relaci\u00f3n entre Estado y sociedad y que considera a ambos como responsables frente a la educaci\u00f3n\u201d (Mu\u00f1oz, 2017).<\/p>\n\n\n\n<p>As\u00ed mismo, la elaboraci\u00f3n de un Proyecto Educativo Nacional (PEN) durante el 2006, a cargo del Consejo Nacional de Educaci\u00f3n, tambi\u00e9n signific\u00f3 un momento clave para los planteamientos de diversos actores sobre la escuela peruana y su futuro. EL PEN logr\u00f3 plantear una conceptualizaci\u00f3n de la educaci\u00f3n b\u00e1sica desde una concepci\u00f3n sobre el desarrollo humano retomando los aportes del Programa de las Naciones Unidas para el Desarrollo (PNUD).<\/p>\n\n\n\n<p>La inserci\u00f3n de los llamados temas transversales en los curr\u00edculos escolares de ese periodo representa una concepci\u00f3n de la escuela como un espacio abierto y flexible para formar a las futuras generaciones en relaci\u00f3n con cuestiones controversiales y socialmente significativas, como el tema de g\u00e9nero, derechos humanos, pluri-interculturalidad, incluidas en la mayor\u00eda de los curr\u00edculos.&nbsp;<\/p>\n\n\n\n<h4 class=\"wp-block-heading\" style=\"font-size:20px\"><strong>Tabla 9. Temas transversales en cuatro normas curriculares del Per\u00fa (1999-2016)<\/strong><\/h4>\n\n\n\n<figure class=\"wp-block-image aligncenter\"><img decoding=\"async\" src=\"https:\/\/lh7-us.googleusercontent.com\/JAIgz-deG_5HvgrXPrMs3Z9S4AfduHLADvBXnJNQkNINeyQZzSc9ECtMTSVr2y6hgdIV8Fs5imJnQDN6bviUUKUXErRBK9Cg6s_iS3Wd2MbHe1xUv14sHiA7rHfdFtRUQ5xQGlvtu51GCfIjvo0CBQ\" alt=\"Texto\n\nDescripci\u00f3n generada autom\u00e1ticamente con confianza media\"\/><figcaption class=\"wp-element-caption\">Fuente: Sime, 2016 p. 21<\/figcaption><\/figure>\n\n\n\n<h3 class=\"wp-block-heading\"><img loading=\"lazy\" decoding=\"async\" width=\"30\" height=\"30\" class=\"wp-image-35\" style=\"width: 30px;\" src=\"http:\/\/test.boomerang.pe\/museo\/wp-content\/uploads\/2022\/07\/infraestructura.png\" alt=\"\"> <strong>La gesti\u00f3n de las escuelas<\/strong><\/h3>\n\n\n\n<p>Este periodo vio un crecimiento en propuestas de planes y proyectos estatales de mediano y largo plazo a nivel nacional y regional para mejorar y regular la educaci\u00f3n escolar en el pa\u00eds. Algunos de ellos, de car\u00e1cter estrat\u00e9gico, fueron: el Plan Nacional de Educaci\u00f3n para Todos 2005-2015 (Ministerio de Educaci\u00f3n, 2005) y el Proyecto Educativo Nacional al 2021 (Consejo Nacional de Educaci\u00f3n, 2007). La evaluaci\u00f3n de este \u00faltimo (Consejo Nacional de Educaci\u00f3n, 2019) identific\u00f3 que durante el periodo 2007-2021 hubo avances, estancamientos y retrocesos en la gesti\u00f3n educativa escolar. Si bien se elaboraron los documentos mencionados y otros similares, estos no ten\u00edan el car\u00e1cter de vinculantes que hubiesen exigido a los diversos gobiernos a ejecutar los cambios para una educaci\u00f3n de calidad.&nbsp;<\/p>\n\n\n\n<p>Durante estos a\u00f1os, la escuela fue entendida como una unidad susceptible a evaluaciones estandarizadas, las cuales permiten identificar peri\u00f3dicamente el estado de los aprendizajes de los estudiantes asociados a estrategias de est\u00edmulos para las mismas escuelas, siendo esto \u00faltimo cuestionado por diversos actores (Le\u00f3n, 2017). Con antecedentes de evaluaciones muestrales a nivel nacional en el 2001-2004, desde el 2007, el Ministerio fue sistem\u00e1ticamente aplicando anualmente dicha pol\u00edtica a trav\u00e9s de las Evaluaciones Censales de Estudiantes (ECE) en determinados grados de la educaci\u00f3n primaria y centrada sobre todo en las \u00e1reas de lectura y matem\u00e1ticas. Adem\u00e1s, se seleccionaron escuelas para la aplicaci\u00f3n de diferentes pruebas internacionales como las de PISA desde el 2001, cuyos resultados generaron fuertes impactos medi\u00e1ticos sobre la debilidad de la calidad de la educaci\u00f3n b\u00e1sica en el pa\u00eds. Junto a estas evaluaciones, desde el 2011, el Estado peruano, a trav\u00e9s del Instituto Nacional de Estad\u00edstica e Inform\u00e1tica (INEI), logra implementar cada a\u00f1o la Encuesta Nacional a Instituciones Educativas (ENEDU), que informa sobre diversos aspectos de gesti\u00f3n e infraestructura de las escuelas.&nbsp;<\/p>\n\n\n\n<h4 class=\"wp-block-heading has-text-align-center\" style=\"font-size:20px\"><strong>Gr\u00e1fico 1. Evoluci\u00f3n de los resultados de la ECE en matem\u00e1tica de segundo grado de primaria (porcentajes).<\/strong><\/h4>\n\n\n<div class=\"wp-block-image\">\n<figure class=\"aligncenter\"><img decoding=\"async\" src=\"https:\/\/lh7-us.googleusercontent.com\/NFn4-PMmB0u0gzWR5Ki3033kPYJ6nUDy52VtJIYnUTD57Frz-x5dLJq9Zc-zzXX-wv5tpcqAjmsXuMz0VqtkqD7wTRiYPitJ7GmuZvCsBtLza0HTEeRYOIGm-CRcazcE0MkR3Yl8dGOUKwpuXZ852g\" alt=\"\"\/><figcaption class=\"wp-element-caption\">Fuente: Eguren et al.2022, p. 130<\/figcaption><\/figure><\/div>\n\n\n<p>Con respecto al gasto en educaci\u00f3n, en t\u00e9rminos de PBI, este no ha mostrado cambios considerables: de 2.6% en el 2000 a 2.9% en 2012 (Jopen et al., 2014), aunque en el 2015 asciende a 3.6% y representar\u00eda poco m\u00e1s del 16% del gasto p\u00fablico total, el mayor durante toda una d\u00e9cada, como se aprecia en el siguiente gr\u00e1fico.&nbsp;<\/p>\n\n\n\n<h4 class=\"wp-block-heading has-text-align-center\" style=\"font-size:20px\"><strong>Gr\u00e1fico 2. Gasto P\u00fablico en Educaci\u00f3n como porcentaje del Gasto P\u00fablico Total (GPT) y del Producto Bruto Interno (PBI)<\/strong><\/h4>\n\n\n\n<figure class=\"wp-block-image aligncenter is-resized\"><img decoding=\"async\" src=\"https:\/\/lh7-us.googleusercontent.com\/X3OsMyXrUf8e-IVeTFXyjh1Y4jv9afHHmw6PvKTuhmUaEY-B8JRcSDUn1zgKdKxUTG4_yMlVmCeBiU09NR-n5j4Ch8-gt7z5IJDvrQIZad0SssxnPNj7MgARC26ljXnROZ1eXamOqcyGXkZvDkmBzw\" alt=\"Gr\u00e1fico, Gr\u00e1fico de barras, Histograma, Gr\u00e1fico en cascada\n\nDescripci\u00f3n generada autom\u00e1ticamente\" style=\"width:480px;height:auto\"\/><figcaption class=\"wp-element-caption\">Fuente: Minedu, 2017, p.74<\/figcaption><\/figure>\n\n\n\n<p>En este periodo se consolida el crecimiento de las escuelas privadas, como demuestra Balar\u00edn (2107, p.15): \u201centre el a\u00f1o 2000 y el 2016, la matr\u00edcula en educaci\u00f3n b\u00e1sica privada casi se duplica y pasa del 15% al 26% de la matr\u00edcula total a nivel nacional\u201d. Con respecto a la gesti\u00f3n del tama\u00f1o de las secciones primarias, en el sector p\u00fablico, para el 2016, era de 25 estudiantes y, para el sector privado, el tama\u00f1o es de 10 alumnos menos (Guadalupe et al., 2017).&nbsp;<\/p>\n\n\n\n<h3 class=\"wp-block-heading\"><img loading=\"lazy\" decoding=\"async\" width=\"30\" height=\"30\" class=\"wp-image-36\" style=\"width: 30px;\" src=\"http:\/\/test.boomerang.pe\/museo\/wp-content\/uploads\/2022\/07\/magisterio.png\" alt=\"\"><strong>Qui\u00e9nes estudiaban<\/strong><\/h3>\n\n\n\n<p>Un aspecto para destacar es la evoluci\u00f3n de la educaci\u00f3n inicial para ni\u00f1os de 3 a 5 a\u00f1os, mostr\u00e1ndose un aumento significativo de la tasa de asistencia, pasando del 62% en el 2006 al 81% en el 2015 y en el 2019 a m\u00e1s del 90% (INEI, 2020). En el mismo sentido ha sido la trayectoria de la educaci\u00f3n secundaria cuya tasa de asistencia en el 2006 era de 74% y en el 2015 de 83% (Minedu, 2017).&nbsp;<\/p>\n\n\n\n<p>A pesar del crecimiento notable del acceso a la escolaridad, todav\u00eda perduran brechas en el acceso y mantenimiento en la escuela para determinados sectores de mayor vulnerabilidad. As\u00ed, en el 2016, para el sector rural, el porcentaje de matriculados oportunamente en educaci\u00f3n primaria (en el grado que les corresponde por norma de acuerdo con su edad) era de 64%, mientras que para el \u00e1mbito urbano era de 77%, es decir 13% m\u00e1s; una diferencia similar ocurre en el caso de la educaci\u00f3n secundaria (Guadalupe et al., 2017).&nbsp;&nbsp;<\/p>\n\n\n\n<p>En el gr\u00e1fico siguiente se resumen los contrastes en la evoluci\u00f3n de la conclusi\u00f3n de la educaci\u00f3n secundaria durante el quinquenio del 2015-2019, sistematizado por UNICEF, donde los factores relacionados con la situaci\u00f3n social, la raza y la ubicaci\u00f3n geogr\u00e1fica muestran la mayor disparidad y, en menor medida, el factor del sexo de los estudiantes.<\/p>\n\n\n\n<h4 class=\"wp-block-heading has-text-align-center\" style=\"font-size:20px\"><strong>Gr\u00e1fico 3. Evoluci\u00f3n de la conclusi\u00f3n de la educaci\u00f3n secundaria durante el quinquenio del 2015-2019<\/strong><\/h4>\n\n\n<div class=\"wp-block-image\">\n<figure class=\"aligncenter\"><img decoding=\"async\" src=\"https:\/\/lh7-us.googleusercontent.com\/E4CvXYIRiNrH9i6rCcVJs2VpnDmFyV4ne3mvba1XChU_gbXkIQgy3NVFUpC_LbcFxwXK-UCfmO-tWT65Y0CRNQqCEqcKHXlfSFpxbr88R2IcrCrv0VxptlCcxbzlk_XG4noid_Xcgupa6RSBhBOZJw\" alt=\"\"\/><figcaption class=\"wp-element-caption\">Fuente: UNICEF,2021, p.34<\/figcaption><\/figure><\/div>\n\n\n<h3 class=\"wp-block-heading\"><strong>Fuentes primarias<\/strong><\/h3>\n\n\n\n<ul class=\"wp-block-list\">\n<li>Consejo Nacional de Educaci\u00f3n. (2007). <a href=\"https:\/\/cdn.www.gob.pe\/uploads\/document\/file\/2056540\/Hacia%20un%20Proyecto%20educativo%20Nacional.pdf.pdf\"><em>Hacia un proyecto Educativo Nacional 2006-2021.<\/em><\/a><em> La educaci\u00f3n que queremos para el Per\u00fa. <\/em>Ministerio de Educaci\u00f3n.<a href=\"https:\/\/cdn.www.gob.pe\/uploads\/document\/file\/2056540\/Hacia%20un%20Proyecto%20educativo%20Nacional.pdf.pdf\">&nbsp;<\/a><\/li>\n\n\n\n<li>Consejo Nacional de Educaci\u00f3n. (2019). <a href=\"https:\/\/www.gob.pe\/institucion\/cne\/informes-publicaciones\/2174405-evaluacion-del-proyecto-educativo-nacional-al-2021\"><em>Evaluaci\u00f3n del Proyecto Educativo Nacional al 2021.<\/em>&nbsp;<\/a><\/li>\n\n\n\n<li>Ministerio de Educaci\u00f3n. (2005). <a href=\"https:\/\/repositorio.minedu.gob.pe\/bitstream\/handle\/20.500.12799\/323\/180.%20Plan%20Nacional%20de%20Educaci%c3%b3n%20para%20Todos%202005-2015.pdf?sequence=1&amp;isAllowed=y\"><em>Plan Nacional de Educaci\u00f3n Para Todos 2005-2015. Hacia una educaci\u00f3n de calidad con equidad.<\/em><\/a><em> <\/em>Consejo Nacional de Educaci\u00f3n.<a href=\"https:\/\/repositorio.minedu.gob.pe\/bitstream\/handle\/20.500.12799\/323\/180.%20Plan%20Nacional%20de%20Educaci%c3%b3n%20para%20Todos%202005-2015.pdf?sequence=1&amp;isAllowed=y\">&nbsp;<\/a><\/li>\n\n\n\n<li>Ministerio de Educaci\u00f3n. (2012). <a href=\"http:\/\/www.minedu.gob.pe\/files\/5042_201212260900.pdf\"><em>Plan Estrat\u00e9gico Multisectorial (PESEM)<\/em><\/a><em> (2012-2016)<\/em>.<a href=\"http:\/\/www.minedu.gob.pe\/files\/5042_201212260900.pdf\">&nbsp;<\/a><\/li>\n\n\n\n<li>Ministerio de Educaci\u00f3n. (2017).<a href=\"https:\/\/escale.minedu.gob.pe\/c\/document_library\/get_file?uuid=2e13b696-a8f6-4206-9276-5db05a8b4702&amp;groupId=10156\"> <em>Per\u00fa \u00bfc\u00f3mo vamos en educaci\u00f3n?<\/em><em>&nbsp;<\/em><\/a><\/li>\n\n\n\n<li>Ministerio de Educaci\u00f3n. (2015). <a href=\"http:\/\/escale.minedu.gob.pe\/c\/document_library\/get_file?uuid=cec124e6-2679-4b52-957a-37c9c62604da&amp;groupId=10156\">EDUDATOS N\u00b020: La deserci\u00f3n escolar en las adolescentes embarazadas del Per\u00fa.&nbsp;<\/a><\/li>\n\n\n\n<li>Ley N\u00b0 28044. <a href=\"http:\/\/www.minedu.gob.pe\/p\/ley_general_de_educacion_28044.pdf\"><em>Ley General de Educaci\u00f3n <\/em>(2003)&nbsp;<\/a><\/li>\n\n\n\n<li>Instituto Nacional de Estad\u00edstica e Inform\u00e1tica &#8211; INEI. (2020). <a href=\"https:\/\/conadisperu.gob.pe\/observatorio\/wp-content\/uploads\/2021\/05\/informe-tecnico-enfoque-de-genero.pdf\">Estad\u00edsticas con enfoque de g\u00e9nero.<\/a><\/li>\n<\/ul>\n\n\n\n<h3 class=\"wp-block-heading\"><strong>Referencias<\/strong><\/h3>\n\n\n\n<ul class=\"wp-block-list\">\n<li>Cuenca, R., y Urrutia. C. (2019). <a href=\"https:\/\/www.scielo.org.mx\/pdf\/rmie\/v24n81\/1405-6666-rmie-24-81-431.pdf\">Explorando las brechas de desigualdad educativa en el Per\u00fa.<\/a> <em>Investigaci\u00f3n. <\/em>24 (81).<a href=\"https:\/\/www.scielo.org.mx\/pdf\/rmie\/v24n81\/1405-6666-rmie-24-81-431.pdf\">&nbsp;<\/a><\/li>\n\n\n\n<li>Balarin, M. (2017). <a href=\"https:\/\/repositorio.grade.org.pe\/bitstream\/handle\/20.500.12820\/526\/LA%20TRAYECTORIA%20RECIENTE%20Y%20SITUACI%c3%93N%20ACTUAL%20DE%20LA%20EDUCACI%c3%93N%20PRIVADA%20EN%20EL%20PER%c3%9a-%20MARIA%20BALARIN%20%281%29.pdf?sequence=1&amp;isAllowed=y\"><em>La trayectoria reciente y situaci\u00f3n actual de la educaci\u00f3n privada en el Per\u00fa.<\/em><\/a><em> <\/em>GRADE.<a href=\"https:\/\/repositorio.grade.org.pe\/bitstream\/handle\/20.500.12820\/526\/LA%20TRAYECTORIA%20RECIENTE%20Y%20SITUACI%c3%93N%20ACTUAL%20DE%20LA%20EDUCACI%c3%93N%20PRIVADA%20EN%20EL%20PER%c3%9a-%20MARIA%20BALARIN%20%281%29.pdf?sequence=1&amp;isAllowed=y\">&nbsp;<\/a><\/li>\n\n\n\n<li>Banco Mundial. (2006). <a href=\"https:\/\/documents1.worldbank.org\/curated\/en\/316741468298153073\/pdf\/405570SPANISH0Educacion1de1calidad12007.pdf\"><em>Por una educaci\u00f3n de calidad para el Per\u00fa. Est\u00e1ndares, rendici\u00f3n de cuentas y fortalecimiento de capacidades.<\/em><em>&nbsp;<\/em><\/a><\/li>\n\n\n\n<li>Eguren, M., Bela\u00fande de, C., &nbsp; y Gonz\u00e1lez, N. (2022). <a href=\"https:\/\/bicentenario.gob.pe\/biblioteca\/detalle-libro\/diversosydesiguales-escuelapublica\"><em>Diversos y desiguales. Doscientos a\u00f1os de escuela p\u00fablica en el Per\u00fa.<\/em><\/a> Ministerio de Cultura.<a href=\"https:\/\/bicentenario.gob.pe\/biblioteca\/detalle-libro\/diversosydesiguales-escuelapublica\">&nbsp;<\/a><\/li>\n\n\n\n<li>Bello, M. (2019). <a href=\"https:\/\/revistaideele.com\/ideele\/content\/%C2%BFpor-qu%C3%A9-fracasa-el-cambio-de-la-educaci%C3%B3n-en-el-per%C3%BA\">\u201c\u00bfPor qu\u00e9 fracasa el cambio de la educaci\u00f3n en el Per\u00fa?<\/a> En <em>ideele, <\/em>n\u00b0 289.<a href=\"https:\/\/revistaideele.com\/ideele\/content\/%C2%BFpor-qu%C3%A9-fracasa-el-cambio-de-la-educaci%C3%B3n-en-el-per%C3%BA\">&nbsp;<\/a><\/li>\n\n\n\n<li>CARE-Per\u00fa. (2023). <a href=\"https:\/\/care.org.pe\/5-cifras-alarmantes-de-la-educacion-en-el-peru\/#:~:text=El%20Per%C3%BA%20tiene%20una%20tasa,a%C3%B1os%20no%20la%20ha%20culminado.\"><em>5 cifras alarmantes de la educaci\u00f3n en el Per\u00fa.<\/em><\/a><a href=\"https:\/\/care.org.pe\/5-cifras-alarmantes-de-la-educacion-en-el-peru\/#:~:text=El%20Per%C3%BA%20tiene%20una%20tasa,a%C3%B1os%20no%20la%20ha%20culminado\"><em>&nbsp;<\/em><\/a><\/li>\n\n\n\n<li>Cuenca, R. (Coord.). <a href=\"https:\/\/www2.congreso.gob.pe\/sicr\/cendocbib\/con4_uibd.nsf\/F2AF03DC7A9F22CB05257AF70076C580\/%24FILE\/la_educacion_en_los_tiempos_del_apra_balance_2006__10317.pdf\"><em>La educaci\u00f3n en los tiempos del APRA:&nbsp; Balance 2006 \u2013 2009<\/em>.<\/a> Foro Educativo.<a href=\"https:\/\/www2.congreso.gob.pe\/sicr\/cendocbib\/con4_uibd.nsf\/F2AF03DC7A9F22CB05257AF70076C580\/%24FILE\/la_educacion_en_los_tiempos_del_apra_balance_2006__10317.pdf\">&nbsp;<\/a><\/li>\n\n\n\n<li>Guadalupe, C., Le\u00f3n, J., Rodr\u00edguez, J., y Vargas, S. (2017). <a href=\"https:\/\/www.grade.org.pe\/forge\/descargas\/Estado%20de%20la%20educaci%C3%B3n%20en%20el%20Per%C3%BA.pdf\"><em>Estado de la educaci\u00f3n en el Per\u00fa.<\/em><\/a><em> <\/em>GRADE-FORGE.<a href=\"https:\/\/www.grade.org.pe\/forge\/descargas\/Estado%20de%20la%20educaci%C3%B3n%20en%20el%20Per%C3%BA.pdf\">&nbsp;<\/a><\/li>\n\n\n\n<li>Jopen, G., G\u00f3mez, W., y Olivera, H. (2014). <a href=\"https:\/\/departamento.pucp.edu.pe\/economia\/wp-content\/uploads\/DDD379.pdf\">Sistema Educativo peruano: balance y agenda pendiente.<\/a> <em>Documento de Trabajo,<\/em> 379. Pontificia Universidad Cat\u00f3lica del Per\u00fa.<a href=\"https:\/\/departamento.pucp.edu.pe\/economia\/wp-content\/uploads\/DDD379.pdf\">&nbsp;<\/a><\/li>\n\n\n\n<li>Le\u00f3n, E. (2017). <em>El fen\u00f3meno ECE y sus efectos en las pr\u00e1cticas docentes.<\/em> GRADE,ENACCION, TAREA.<\/li>\n\n\n\n<li>Mu\u00f1oz, F. (2017). <a href=\"http:\/\/tarea.org.pe\/revistacompleta\/tarea_94.pdf\">Las pol\u00edticas educativas y la incorporaci\u00f3n de g\u00e9nero en la educaci\u00f3n (1990-2016): un campo en disputa.<\/a> <em>Tarea, 94<\/em>, 14-24.<a href=\"http:\/\/tarea.org.pe\/revistacompleta\/tarea_94.pdf\">&nbsp;<\/a><\/li>\n\n\n\n<li>Sime, L. (2016). <a href=\"https:\/\/tarea.org.pe\/wp-content\/uploads\/2016\/12\/Tarea92_19_-Luis_Sime.pdf\">Los temas transversales en el curr\u00edculo de Educaci\u00f3n B\u00e1sica.<\/a> <em>Tarea, 92, <\/em>19-22.<a href=\"https:\/\/tarea.org.pe\/wp-content\/uploads\/2016\/12\/Tarea92_19_-Luis_Sime.pdf\">&nbsp;<\/a><\/li>\n\n\n\n<li>Organizaci\u00f3n de las Naciones Unidas para la Educaci\u00f3n, la Ciencia y la Cultura -UNESCO. (2017). <a href=\"https:\/\/repositorio.minedu.gob.pe\/bitstream\/handle\/20.500.12799\/5706\/Revisi%C3%B3n%20de%20las%20pol%C3%ADticas%20p%C3%BAblicas%20del%20sector%20de%20educaci%C3%B3n%20en%20Per%C3%BA%20.pdf?sequence=1&amp;isAllowed=y\"><em>Revisi\u00f3n de las pol\u00edticas p\u00fablicas del sector de educaci\u00f3n en Per\u00fa.<\/em><em>&nbsp;<\/em><\/a><\/li>\n\n\n\n<li>Fondo de las Naciones Unidas para la Infancia \u2013 UNICEF (2021). <a href=\"https:\/\/www.unicef.org\/peru\/media\/12141\/file\/Resumen%20Ejecutivo:%20Situaci%C3%B3n%20de%20ni%C3%B1as,%20ni%C3%B1os%20y%20adolescentes%20en%20el%20Per%C3%BA%20.pdf\"><em>Ni\u00f1as, ni\u00f1os y adolescentes en el Per\u00fa. An\u00e1lisis de su situaci\u00f3n al 2020.<\/em>&nbsp;<\/a><\/li>\n<\/ul>\n","protected":false},"excerpt":{"rendered":"<p>El contexto pol\u00edtico de este periodo estuvo marcado por las consecuencias de la profunda crisis del gobierno de Fujimori y el reencauce democr\u00e1tico del pa\u00eds con cuatro gobiernos electos en medio de un contexto econ\u00f3mico favorable que permiti\u00f3 el financiamiento de diversas pol\u00edticas p\u00fablicas y la expansi\u00f3n de la clase media peruana, as\u00ed como la[&#8230;]<\/p>\n","protected":false},"author":2,"featured_media":88,"comment_status":"open","ping_status":"open","sticky":false,"template":"","format":"standard","meta":{"_coblocks_attr":"","_coblocks_dimensions":"","_coblocks_responsive_height":"","_coblocks_accordion_ie_support":"","footnotes":""},"categories":[8],"tags":[],"class_list":["post-87","post","type-post","status-publish","format-standard","has-post-thumbnail","hentry","category-siglo-xxi"],"_links":{"self":[{"href":"http:\/\/test.boomerang.pe\/museo\/wp-json\/wp\/v2\/posts\/87","targetHints":{"allow":["GET"]}}],"collection":[{"href":"http:\/\/test.boomerang.pe\/museo\/wp-json\/wp\/v2\/posts"}],"about":[{"href":"http:\/\/test.boomerang.pe\/museo\/wp-json\/wp\/v2\/types\/post"}],"author":[{"embeddable":true,"href":"http:\/\/test.boomerang.pe\/museo\/wp-json\/wp\/v2\/users\/2"}],"replies":[{"embeddable":true,"href":"http:\/\/test.boomerang.pe\/museo\/wp-json\/wp\/v2\/comments?post=87"}],"version-history":[{"count":0,"href":"http:\/\/test.boomerang.pe\/museo\/wp-json\/wp\/v2\/posts\/87\/revisions"}],"wp:featuredmedia":[{"embeddable":true,"href":"http:\/\/test.boomerang.pe\/museo\/wp-json\/wp\/v2\/media\/88"}],"wp:attachment":[{"href":"http:\/\/test.boomerang.pe\/museo\/wp-json\/wp\/v2\/media?parent=87"}],"wp:term":[{"taxonomy":"category","embeddable":true,"href":"http:\/\/test.boomerang.pe\/museo\/wp-json\/wp\/v2\/categories?post=87"},{"taxonomy":"post_tag","embeddable":true,"href":"http:\/\/test.boomerang.pe\/museo\/wp-json\/wp\/v2\/tags?post=87"}],"curies":[{"name":"wp","href":"https:\/\/api.w.org\/{rel}","templated":true}]}}